{"id":6743,"date":"2025-01-28T23:29:55","date_gmt":"2025-01-28T23:29:55","guid":{"rendered":"https:\/\/landscapearchitecturebuilt.com\/staging\/?p=6743"},"modified":"2025-02-11T04:44:41","modified_gmt":"2025-02-11T04:44:41","slug":"rambla-girada","status":"publish","type":"post","link":"https:\/\/landscapearchitecturebuilt.com\/staging\/rambla-girada\/","title":{"rendered":"Rambla Girada"},"content":{"rendered":"\t\t<div data-elementor-type=\"wp-post\" data-elementor-id=\"6743\" class=\"elementor elementor-6743\" data-elementor-post-type=\"post\">\n\t\t\t\t\t\t<section class=\"elementor-section elementor-top-section elementor-element elementor-element-11c49fee elementor-section-boxed elementor-section-height-default elementor-section-height-default\" data-id=\"11c49fee\" data-element_type=\"section\">\n\t\t\t\t\t\t<div class=\"elementor-container elementor-column-gap-default\">\n\t\t\t\t\t<div class=\"elementor-column elementor-col-100 elementor-top-column elementor-element elementor-element-5359272a\" data-id=\"5359272a\" data-element_type=\"column\">\n\t\t\t<div class=\"elementor-widget-wrap elementor-element-populated\">\n\t\t\t\t\t\t<div class=\"elementor-element elementor-element-687684f5 elementor-widget-divider--view-line elementor-widget elementor-widget-divider\" data-id=\"687684f5\" data-element_type=\"widget\" data-widget_type=\"divider.default\">\n\t\t\t\t<div class=\"elementor-widget-container\">\n\t\t\t\t\t\t\t<div class=\"elementor-divider\">\n\t\t\t<span class=\"elementor-divider-separator\">\n\t\t\t\t\t\t<\/span>\n\t\t<\/div>\n\t\t\t\t\t\t<\/div>\n\t\t\t\t<\/div>\n\t\t\t\t<div class=\"elementor-element elementor-element-4830d2ce elementor-widget elementor-widget-jet-listing-dynamic-field\" data-id=\"4830d2ce\" data-element_type=\"widget\" data-widget_type=\"jet-listing-dynamic-field.default\">\n\t\t\t\t<div class=\"elementor-widget-container\">\n\t\t\t\t\t<div class=\"jet-listing jet-listing-dynamic-field display-inline\"><div class=\"jet-listing-dynamic-field__inline-wrap\"><h3 class=\"jet-listing-dynamic-field__content\">\"...The new design promotes a walkable and accessible city, freeing the boulevard from private vehicle congestion and enabling unrestricted pedestrian flow along the entire street....\"<\/h3><\/div><\/div>\t\t\t\t<\/div>\n\t\t\t\t<\/div>\n\t\t\t\t\t<\/div>\n\t\t<\/div>\n\t\t\t\t\t<\/div>\n\t\t<\/section>\n\t\t\t\t<section class=\"elementor-section elementor-top-section elementor-element elementor-element-77e25a8b elementor-section-boxed elementor-section-height-default elementor-section-height-default\" data-id=\"77e25a8b\" data-element_type=\"section\">\n\t\t\t\t\t\t<div class=\"elementor-container elementor-column-gap-default\">\n\t\t\t\t\t<div class=\"elementor-column elementor-col-50 elementor-top-column elementor-element elementor-element-1cd14e62\" data-id=\"1cd14e62\" data-element_type=\"column\">\n\t\t\t<div class=\"elementor-widget-wrap elementor-element-populated\">\n\t\t\t\t\t\t<div class=\"elementor-element elementor-element-6b519359 elementor-widget elementor-widget-jet-listing-dynamic-field\" data-id=\"6b519359\" data-element_type=\"widget\" data-widget_type=\"jet-listing-dynamic-field.default\">\n\t\t\t\t<div class=\"elementor-widget-container\">\n\t\t\t\t\t<div class=\"jet-listing jet-listing-dynamic-field display-inline\"><div class=\"jet-listing-dynamic-field__inline-wrap\"><p class=\"jet-listing-dynamic-field__content\"><strong>_Location:<\/strong>&nbsp;Vilafranca del Pened\u00e8s, Spain<\/p><\/div><\/div>\t\t\t\t<\/div>\n\t\t\t\t<\/div>\n\t\t\t\t<div class=\"elementor-element elementor-element-43551543 elementor-widget elementor-widget-jet-listing-dynamic-field\" data-id=\"43551543\" data-element_type=\"widget\" data-widget_type=\"jet-listing-dynamic-field.default\">\n\t\t\t\t<div class=\"elementor-widget-container\">\n\t\t\t\t\t<div class=\"jet-listing jet-listing-dynamic-field display-inline\"><div class=\"jet-listing-dynamic-field__inline-wrap\"><p class=\"jet-listing-dynamic-field__content\"><strong>_Company:<\/strong>&nbsp;<p><a href=\"https:\/\/landscapearchitecturebuilt.com\/staging\/category\/projects\/batlleiroig-projects\/\">Batlleiroig<\/a><\/p>\n<\/p><\/div><\/div>\t\t\t\t<\/div>\n\t\t\t\t<\/div>\n\t\t\t\t<div class=\"elementor-element elementor-element-3ed0f3f elementor-widget elementor-widget-jet-listing-dynamic-field\" data-id=\"3ed0f3f\" data-element_type=\"widget\" data-widget_type=\"jet-listing-dynamic-field.default\">\n\t\t\t\t<div class=\"elementor-widget-container\">\n\t\t\t\t\t<div class=\"jet-listing jet-listing-dynamic-field display-inline\"><div class=\"jet-listing-dynamic-field__inline-wrap\"><p class=\"jet-listing-dynamic-field__content\"><p><a href=\"http:\/\/www.batlleiroig.com\" target=\"_blank\" rel=\"noopener\">www.batlleiroig.com<\/a><\/p>\n<\/p><\/div><\/div>\t\t\t\t<\/div>\n\t\t\t\t<\/div>\n\t\t\t\t<div class=\"elementor-element elementor-element-28d3ca6c elementor-widget elementor-widget-jet-listing-dynamic-field\" data-id=\"28d3ca6c\" data-element_type=\"widget\" data-widget_type=\"jet-listing-dynamic-field.default\">\n\t\t\t\t<div class=\"elementor-widget-container\">\n\t\t\t\t\t<div class=\"jet-listing jet-listing-dynamic-field display-inline\"><div class=\"jet-listing-dynamic-field__inline-wrap\"><span class=\"jet-listing-dynamic-field__content\"><strong>_Client:<\/strong>&nbsp;<br><p>Ajuntament de Vilafranca del Pened\u00e8s<\/p>\n<\/span><\/div><\/div>\t\t\t\t<\/div>\n\t\t\t\t<\/div>\n\t\t\t\t<div class=\"elementor-element elementor-element-13438198 elementor-widget elementor-widget-jet-listing-dynamic-field\" data-id=\"13438198\" data-element_type=\"widget\" data-widget_type=\"jet-listing-dynamic-field.default\">\n\t\t\t\t<div class=\"elementor-widget-container\">\n\t\t\t\t\t<div class=\"jet-listing jet-listing-dynamic-field display-inline\"><div class=\"jet-listing-dynamic-field__inline-wrap\"><span class=\"jet-listing-dynamic-field__content\"><strong>_Contractor:<\/strong>&nbsp;<br><p>Gruas<\/p>\n<\/span><\/div><\/div>\t\t\t\t<\/div>\n\t\t\t\t<\/div>\n\t\t\t\t\t<\/div>\n\t\t<\/div>\n\t\t\t\t<div class=\"elementor-column elementor-col-50 elementor-top-column elementor-element elementor-element-1e00878f\" data-id=\"1e00878f\" data-element_type=\"column\">\n\t\t\t<div class=\"elementor-widget-wrap elementor-element-populated\">\n\t\t\t\t\t\t<div class=\"elementor-element elementor-element-c7a9f6f elementor-widget elementor-widget-jet-listing-dynamic-field\" data-id=\"c7a9f6f\" data-element_type=\"widget\" data-widget_type=\"jet-listing-dynamic-field.default\">\n\t\t\t\t<div class=\"elementor-widget-container\">\n\t\t\t\t\t<div class=\"jet-listing jet-listing-dynamic-field display-inline\"><div class=\"jet-listing-dynamic-field__inline-wrap\"><span class=\"jet-listing-dynamic-field__content\"><strong>_Project team:<\/strong>&nbsp;<br>Merc\u00e8 Lorente i Gras, Isabel P\u00e9rez Man\u00e9n \u2013 Architect<\/span><\/div><\/div>\t\t\t\t<\/div>\n\t\t\t\t<\/div>\n\t\t\t\t<div class=\"elementor-element elementor-element-1777bae3 elementor-widget elementor-widget-jet-listing-dynamic-field\" data-id=\"1777bae3\" data-element_type=\"widget\" data-widget_type=\"jet-listing-dynamic-field.default\">\n\t\t\t\t<div class=\"elementor-widget-container\">\n\t\t\t\t\t<div class=\"jet-listing jet-listing-dynamic-field display-inline\"><div class=\"jet-listing-dynamic-field__inline-wrap\"><p class=\"jet-listing-dynamic-field__content\"><strong>_Size:<\/strong>&nbsp;4,348 m2<\/p><\/div><\/div>\t\t\t\t<\/div>\n\t\t\t\t<\/div>\n\t\t\t\t<div class=\"elementor-element elementor-element-345c4c8a elementor-widget elementor-widget-jet-listing-dynamic-field\" data-id=\"345c4c8a\" data-element_type=\"widget\" data-widget_type=\"jet-listing-dynamic-field.default\">\n\t\t\t\t<div class=\"elementor-widget-container\">\n\t\t\t\t\t<div class=\"jet-listing jet-listing-dynamic-field display-inline\"><div class=\"jet-listing-dynamic-field__inline-wrap\"><p class=\"jet-listing-dynamic-field__content\"><strong>_Year completed:<\/strong>&nbsp;2023<\/p><\/div><\/div>\t\t\t\t<\/div>\n\t\t\t\t<\/div>\n\t\t\t\t<div class=\"elementor-element elementor-element-3f7b51ac elementor-widget elementor-widget-jet-listing-dynamic-field\" data-id=\"3f7b51ac\" data-element_type=\"widget\" data-widget_type=\"jet-listing-dynamic-field.default\">\n\t\t\t\t<div class=\"elementor-widget-container\">\n\t\t\t\t\t<div class=\"jet-listing jet-listing-dynamic-field display-inline\"><div class=\"jet-listing-dynamic-field__inline-wrap\"><p class=\"jet-listing-dynamic-field__content\"><strong>_Text credits:<\/strong>&nbsp;<p><a href=\"https:\/\/landscapearchitecturebuilt.com\/staging\/category\/projects\/batlleiroig-projects\/\">Batlleiroig<\/a><\/p>\n<\/p><\/div><\/div>\t\t\t\t<\/div>\n\t\t\t\t<\/div>\n\t\t\t\t\t<\/div>\n\t\t<\/div>\n\t\t\t\t\t<\/div>\n\t\t<\/section>\n\t\t\t\t<section class=\"elementor-section elementor-top-section elementor-element elementor-element-5a2dbd6c elementor-section-full_width elementor-section-height-default elementor-section-height-default\" data-id=\"5a2dbd6c\" data-element_type=\"section\">\n\t\t\t\t\t\t<div class=\"elementor-container elementor-column-gap-no\">\n\t\t\t\t\t<div class=\"elementor-column elementor-col-100 elementor-top-column elementor-element elementor-element-61778ebc\" data-id=\"61778ebc\" data-element_type=\"column\">\n\t\t\t<div class=\"elementor-widget-wrap elementor-element-populated\">\n\t\t\t\t\t\t<div class=\"elementor-element elementor-element-ddc84e6 elementor-widget elementor-widget-foogallery\" data-id=\"ddc84e6\" data-element_type=\"widget\" data-widget_type=\"foogallery.default\">\n\t\t\t\t<div class=\"elementor-widget-container\">\n\t\t\t\t\t<style type=\"text\/css\">\r\n\t#foogallery-gallery-6684 .fg-image {\r\n        width: 220px;\r\n    }\r\n<\/style>\r\n\t\t\t\t<div class=\"foogallery foogallery-container foogallery-default foogallery-lightbox-foogallery fg-gutter-10 fg-center fg-m-col2 fg-default fg-light fg-loading-default fg-loaded-fade-in fg-hover-fade fg-hover-zoom3 fg-ready\" id=\"foogallery-gallery-6684\" data-foogallery=\"{&quot;item&quot;:{&quot;showCaptionTitle&quot;:true,&quot;showCaptionDescription&quot;:true},&quot;lazy&quot;:true,&quot;state&quot;:{&quot;enabled&quot;:true,&quot;mask&quot;:&quot;foogallery-{id}&quot;}}\" data-foogallery-lightbox=\"{&quot;thumbs&quot;:&quot;bottom&quot;,&quot;thumbsCaptions&quot;:false,&quot;thumbsBestFit&quot;:false,&quot;thumbsSmall&quot;:false,&quot;thumbsCaptionsAlign&quot;:&quot;default&quot;,&quot;info&quot;:&quot;left&quot;,&quot;infoVisible&quot;:true,&quot;infoOverlay&quot;:false,&quot;infoAlign&quot;:&quot;default&quot;,&quot;transition&quot;:&quot;fade&quot;,&quot;hoverButtons&quot;:false,&quot;fitMedia&quot;:false,&quot;noScrollbars&quot;:true,&quot;preserveButtonSpace&quot;:true,&quot;buttons&quot;:{&quot;fullscreen&quot;:true,&quot;info&quot;:true,&quot;thumbs&quot;:false},&quot;video&quot;:{&quot;autoPlay&quot;:true}}\" >\r\n\t<div class=\"fg-item fg-type-image fg-idle\"><figure class=\"fg-item-inner\"><a href=\"https:\/\/landscapearchitecturebuilt.com\/staging\/wp-content\/uploads\/2024\/12\/1099-batlleiroig-\u00a9DELRRIOBANI-2023-Rambla_Girada-13.jpg\" data-caption-title=\"&lt;a href=&quot;https:\/\/landscapearchitecturebuilt.com\/staging\/rambla-girada&quot;&gt;Rambla Girada&lt;\/a&gt;, &lt;br&gt;Vilafranca del Pened\u00e8s, Spain\" data-caption-desc=\"Design: &lt;a href=&quot;https:\/\/landscapearchitecturebuilt.com\/staging\/category\/projects\/batlleiroig-projects\/&quot;&gt;Batlleiroig &lt;\/a&gt; &lt;br&gt; Photo: DEL RIO BANI&lt;br&gt;&lt;br&gt;\" data-attachment-id=\"6652\" data-lightbox-title=\"&lt;a href=&quot;https:\/\/landscapearchitecturebuilt.com\/staging\/rambla-girada&quot;&gt;Rambla Girada&lt;\/a&gt;, &lt;br&gt;Vilafranca del Pened\u00e8s, Spain\" data-lightbox-description=\"Design: &lt;a href=&quot;https:\/\/landscapearchitecturebuilt.com\/staging\/category\/projects\/batlleiroig-projects\/&quot;&gt;Batlleiroig &lt;\/a&gt; &lt;br&gt; Photo: DEL RIO BANI&lt;br&gt;&lt;br&gt;\" data-type=\"image\" class=\"fg-thumb\"><span class=\"fg-image-wrap\"><img decoding=\"async\" title=\"&lt;a href=&quot;https:\/\/landscapearchitecturebuilt.com\/staging\/rambla-girada&quot;&gt;Rambla Girada&lt;\/a&gt;, &lt;br&gt;Vilafranca del Pened\u00e8s, Spain\" width=\"220\" height=\"160\" class=\"skip-lazy fg-image\" data-src-fg=\"https:\/\/landscapearchitecturebuilt.com\/staging\/wp-content\/uploads\/cache\/2024\/12\/1099-batlleiroig-\u00a9DELRRIOBANI-2023-Rambla_Girada-13\/3827323419.jpg\" src=\"data:image\/svg+xml,%3Csvg%20xmlns%3D%22http%3A%2F%2Fwww.w3.org%2F2000%2Fsvg%22%20width%3D%22220%22%20height%3D%22160%22%20viewBox%3D%220%200%20220%20160%22%3E%3C%2Fsvg%3E\" loading=\"eager\"><\/span><span class=\"fg-image-overlay\"><\/span><\/a><figcaption class=\"fg-caption\"><div class=\"fg-caption-inner\"><div class=\"fg-caption-title\"><a href=\"https:\/\/landscapearchitecturebuilt.com\/staging\/rambla-girada\">Rambla Girada<\/a>, <br>Vilafranca del Pened\u00e8s, Spain<\/div><div class=\"fg-caption-desc\">Design: <a href=\"https:\/\/landscapearchitecturebuilt.com\/staging\/category\/projects\/batlleiroig-projects\/\">Batlleiroig <\/a> <br> Photo: DEL RIO BANI<br><br><\/div><\/div><\/figcaption><\/figure><div class=\"fg-loader\"><\/div><\/div><div class=\"fg-item fg-type-image fg-idle\"><figure class=\"fg-item-inner\"><a href=\"https:\/\/landscapearchitecturebuilt.com\/staging\/wp-content\/uploads\/2024\/12\/1099-batlleiroig-\u00a9DELRRIOBANI-2023-Rambla_Girada-12.jpg\" data-caption-title=\"&lt;a href=&quot;https:\/\/landscapearchitecturebuilt.com\/staging\/rambla-girada&quot;&gt;Rambla Girada&lt;\/a&gt;, &lt;br&gt;Vilafranca del Pened\u00e8s, Spain\" data-caption-desc=\"Design: &lt;a href=&quot;https:\/\/landscapearchitecturebuilt.com\/staging\/category\/projects\/batlleiroig-projects\/&quot;&gt;Batlleiroig &lt;\/a&gt; &lt;br&gt; Photo: DEL RIO BANI&lt;br&gt;&lt;br&gt;\" data-attachment-id=\"6633\" data-lightbox-title=\"&lt;a href=&quot;https:\/\/landscapearchitecturebuilt.com\/staging\/rambla-girada&quot;&gt;Rambla Girada&lt;\/a&gt;, &lt;br&gt;Vilafranca del Pened\u00e8s, Spain\" data-lightbox-description=\"Design: &lt;a href=&quot;https:\/\/landscapearchitecturebuilt.com\/staging\/category\/projects\/batlleiroig-projects\/&quot;&gt;Batlleiroig &lt;\/a&gt; &lt;br&gt; Photo: DEL RIO BANI&lt;br&gt;&lt;br&gt;\" data-type=\"image\" class=\"fg-thumb\"><span class=\"fg-image-wrap\"><img decoding=\"async\" title=\"&lt;a href=&quot;https:\/\/landscapearchitecturebuilt.com\/staging\/rambla-girada&quot;&gt;Rambla Girada&lt;\/a&gt;, &lt;br&gt;Vilafranca del Pened\u00e8s, Spain\" width=\"220\" height=\"160\" class=\"skip-lazy fg-image\" data-src-fg=\"https:\/\/landscapearchitecturebuilt.com\/staging\/wp-content\/uploads\/cache\/2024\/12\/1099-batlleiroig-\u00a9DELRRIOBANI-2023-Rambla_Girada-12\/4290684468.jpg\" src=\"data:image\/svg+xml,%3Csvg%20xmlns%3D%22http%3A%2F%2Fwww.w3.org%2F2000%2Fsvg%22%20width%3D%22220%22%20height%3D%22160%22%20viewBox%3D%220%200%20220%20160%22%3E%3C%2Fsvg%3E\" loading=\"eager\"><\/span><span class=\"fg-image-overlay\"><\/span><\/a><figcaption class=\"fg-caption\"><div class=\"fg-caption-inner\"><div class=\"fg-caption-title\"><a href=\"https:\/\/landscapearchitecturebuilt.com\/staging\/rambla-girada\">Rambla Girada<\/a>, <br>Vilafranca del Pened\u00e8s, Spain<\/div><div class=\"fg-caption-desc\">Design: <a href=\"https:\/\/landscapearchitecturebuilt.com\/staging\/category\/projects\/batlleiroig-projects\/\">Batlleiroig <\/a> <br> Photo: DEL RIO BANI<br><br><\/div><\/div><\/figcaption><\/figure><div class=\"fg-loader\"><\/div><\/div><div class=\"fg-item fg-type-image fg-idle\"><figure class=\"fg-item-inner\"><a href=\"https:\/\/landscapearchitecturebuilt.com\/staging\/wp-content\/uploads\/2024\/12\/1099-batlleiroig-\u00a9DELRRIOBANI-2023-Rambla_Girada-9.jpg\" data-caption-title=\"&lt;a href=&quot;https:\/\/landscapearchitecturebuilt.com\/staging\/rambla-girada&quot;&gt;Rambla Girada&lt;\/a&gt;, &lt;br&gt;Vilafranca del Pened\u00e8s, Spain\" data-caption-desc=\"Design: &lt;a href=&quot;https:\/\/landscapearchitecturebuilt.com\/staging\/category\/projects\/batlleiroig-projects\/&quot;&gt;Batlleiroig &lt;\/a&gt; &lt;br&gt; Photo: DEL RIO BANI&lt;br&gt;&lt;br&gt;\" data-attachment-id=\"6651\" data-lightbox-title=\"&lt;a href=&quot;https:\/\/landscapearchitecturebuilt.com\/staging\/rambla-girada&quot;&gt;Rambla Girada&lt;\/a&gt;, &lt;br&gt;Vilafranca del Pened\u00e8s, Spain\" data-lightbox-description=\"Design: &lt;a href=&quot;https:\/\/landscapearchitecturebuilt.com\/staging\/category\/projects\/batlleiroig-projects\/&quot;&gt;Batlleiroig &lt;\/a&gt; &lt;br&gt; Photo: DEL RIO BANI&lt;br&gt;&lt;br&gt;\" data-type=\"image\" class=\"fg-thumb\"><span class=\"fg-image-wrap\"><img decoding=\"async\" title=\"&lt;a href=&quot;https:\/\/landscapearchitecturebuilt.com\/staging\/rambla-girada&quot;&gt;Rambla Girada&lt;\/a&gt;, &lt;br&gt;Vilafranca del Pened\u00e8s, Spain\" width=\"220\" height=\"160\" class=\"skip-lazy fg-image\" data-src-fg=\"https:\/\/landscapearchitecturebuilt.com\/staging\/wp-content\/uploads\/cache\/2024\/12\/1099-batlleiroig-\u00a9DELRRIOBANI-2023-Rambla_Girada-9\/1679718919.jpg\" src=\"data:image\/svg+xml,%3Csvg%20xmlns%3D%22http%3A%2F%2Fwww.w3.org%2F2000%2Fsvg%22%20width%3D%22220%22%20height%3D%22160%22%20viewBox%3D%220%200%20220%20160%22%3E%3C%2Fsvg%3E\" loading=\"eager\"><\/span><span class=\"fg-image-overlay\"><\/span><\/a><figcaption class=\"fg-caption\"><div class=\"fg-caption-inner\"><div class=\"fg-caption-title\"><a href=\"https:\/\/landscapearchitecturebuilt.com\/staging\/rambla-girada\">Rambla Girada<\/a>, <br>Vilafranca del Pened\u00e8s, Spain<\/div><div class=\"fg-caption-desc\">Design: <a href=\"https:\/\/landscapearchitecturebuilt.com\/staging\/category\/projects\/batlleiroig-projects\/\">Batlleiroig <\/a> <br> Photo: DEL RIO BANI<br><br><\/div><\/div><\/figcaption><\/figure><div class=\"fg-loader\"><\/div><\/div><div class=\"fg-item fg-type-image fg-idle\"><figure class=\"fg-item-inner\"><a href=\"https:\/\/landscapearchitecturebuilt.com\/staging\/wp-content\/uploads\/2024\/12\/1099-batlleiroig-\u00a9DELRRIOBANI-2023-Rambla_Girada-1.jpg\" data-caption-title=\"&lt;a href=&quot;https:\/\/landscapearchitecturebuilt.com\/staging\/rambla-girada&quot;&gt;Rambla Girada&lt;\/a&gt;, &lt;br&gt;Vilafranca del Pened\u00e8s, Spain\" data-caption-desc=\"Design: &lt;a href=&quot;https:\/\/landscapearchitecturebuilt.com\/staging\/category\/projects\/batlleiroig-projects\/&quot;&gt;Batlleiroig &lt;\/a&gt; &lt;br&gt; Photo: DEL RIO BANI&lt;br&gt;&lt;br&gt;\" data-attachment-id=\"6650\" data-lightbox-title=\"&lt;a href=&quot;https:\/\/landscapearchitecturebuilt.com\/staging\/rambla-girada&quot;&gt;Rambla Girada&lt;\/a&gt;, &lt;br&gt;Vilafranca del Pened\u00e8s, Spain\" data-lightbox-description=\"Design: &lt;a href=&quot;https:\/\/landscapearchitecturebuilt.com\/staging\/category\/projects\/batlleiroig-projects\/&quot;&gt;Batlleiroig &lt;\/a&gt; &lt;br&gt; Photo: DEL RIO BANI&lt;br&gt;&lt;br&gt;\" data-type=\"image\" class=\"fg-thumb\"><span class=\"fg-image-wrap\"><img decoding=\"async\" title=\"&lt;a href=&quot;https:\/\/landscapearchitecturebuilt.com\/staging\/rambla-girada&quot;&gt;Rambla Girada&lt;\/a&gt;, &lt;br&gt;Vilafranca del Pened\u00e8s, Spain\" width=\"220\" height=\"160\" class=\"skip-lazy fg-image\" data-src-fg=\"https:\/\/landscapearchitecturebuilt.com\/staging\/wp-content\/uploads\/cache\/2024\/12\/1099-batlleiroig-\u00a9DELRRIOBANI-2023-Rambla_Girada-1\/1588032451.jpg\" src=\"data:image\/svg+xml,%3Csvg%20xmlns%3D%22http%3A%2F%2Fwww.w3.org%2F2000%2Fsvg%22%20width%3D%22220%22%20height%3D%22160%22%20viewBox%3D%220%200%20220%20160%22%3E%3C%2Fsvg%3E\" loading=\"eager\"><\/span><span class=\"fg-image-overlay\"><\/span><\/a><figcaption class=\"fg-caption\"><div class=\"fg-caption-inner\"><div class=\"fg-caption-title\"><a href=\"https:\/\/landscapearchitecturebuilt.com\/staging\/rambla-girada\">Rambla Girada<\/a>, <br>Vilafranca del Pened\u00e8s, Spain<\/div><div class=\"fg-caption-desc\">Design: <a href=\"https:\/\/landscapearchitecturebuilt.com\/staging\/category\/projects\/batlleiroig-projects\/\">Batlleiroig <\/a> <br> Photo: DEL RIO BANI<br><br><\/div><\/div><\/figcaption><\/figure><div class=\"fg-loader\"><\/div><\/div><div class=\"fg-item fg-type-image fg-idle\"><figure class=\"fg-item-inner\"><a href=\"https:\/\/landscapearchitecturebuilt.com\/staging\/wp-content\/uploads\/2024\/12\/1099-batlleiroig-\u00a9DELRRIOBANI-2023-Rambla_Girada-10.jpg\" data-caption-title=\"&lt;a href=&quot;https:\/\/landscapearchitecturebuilt.com\/staging\/rambla-girada&quot;&gt;Rambla Girada&lt;\/a&gt;, &lt;br&gt;Vilafranca del Pened\u00e8s, Spain\" data-caption-desc=\"Design: &lt;a href=&quot;https:\/\/landscapearchitecturebuilt.com\/staging\/category\/projects\/batlleiroig-projects\/&quot;&gt;Batlleiroig &lt;\/a&gt; &lt;br&gt; Photo: DEL RIO BANI&lt;br&gt;&lt;br&gt;\" data-attachment-id=\"6649\" data-lightbox-title=\"&lt;a href=&quot;https:\/\/landscapearchitecturebuilt.com\/staging\/rambla-girada&quot;&gt;Rambla Girada&lt;\/a&gt;, &lt;br&gt;Vilafranca del Pened\u00e8s, Spain\" data-lightbox-description=\"Design: &lt;a href=&quot;https:\/\/landscapearchitecturebuilt.com\/staging\/category\/projects\/batlleiroig-projects\/&quot;&gt;Batlleiroig &lt;\/a&gt; &lt;br&gt; Photo: DEL RIO BANI&lt;br&gt;&lt;br&gt;\" data-type=\"image\" class=\"fg-thumb\"><span class=\"fg-image-wrap\"><img decoding=\"async\" title=\"&lt;a href=&quot;https:\/\/landscapearchitecturebuilt.com\/staging\/rambla-girada&quot;&gt;Rambla Girada&lt;\/a&gt;, &lt;br&gt;Vilafranca del Pened\u00e8s, Spain\" width=\"220\" height=\"160\" class=\"skip-lazy fg-image\" data-src-fg=\"https:\/\/landscapearchitecturebuilt.com\/staging\/wp-content\/uploads\/cache\/2024\/12\/1099-batlleiroig-\u00a9DELRRIOBANI-2023-Rambla_Girada-10\/589711378.jpg\" src=\"data:image\/svg+xml,%3Csvg%20xmlns%3D%22http%3A%2F%2Fwww.w3.org%2F2000%2Fsvg%22%20width%3D%22220%22%20height%3D%22160%22%20viewBox%3D%220%200%20220%20160%22%3E%3C%2Fsvg%3E\" loading=\"eager\"><\/span><span class=\"fg-image-overlay\"><\/span><\/a><figcaption class=\"fg-caption\"><div class=\"fg-caption-inner\"><div class=\"fg-caption-title\"><a href=\"https:\/\/landscapearchitecturebuilt.com\/staging\/rambla-girada\">Rambla Girada<\/a>, <br>Vilafranca del Pened\u00e8s, Spain<\/div><div class=\"fg-caption-desc\">Design: <a href=\"https:\/\/landscapearchitecturebuilt.com\/staging\/category\/projects\/batlleiroig-projects\/\">Batlleiroig <\/a> <br> Photo: DEL RIO BANI<br><br><\/div><\/div><\/figcaption><\/figure><div class=\"fg-loader\"><\/div><\/div><div class=\"fg-item fg-type-image fg-idle\"><figure class=\"fg-item-inner\"><a href=\"https:\/\/landscapearchitecturebuilt.com\/staging\/wp-content\/uploads\/2024\/12\/1099-batlleiroig-\u00a9DELRRIOBANI-2023-Rambla_Girada-11.jpg\" data-caption-title=\"&lt;a href=&quot;https:\/\/landscapearchitecturebuilt.com\/staging\/rambla-girada&quot;&gt;Rambla Girada&lt;\/a&gt;, &lt;br&gt;Vilafranca del Pened\u00e8s, Spain\" data-caption-desc=\"Design: &lt;a href=&quot;https:\/\/landscapearchitecturebuilt.com\/staging\/category\/projects\/batlleiroig-projects\/&quot;&gt;Batlleiroig &lt;\/a&gt; &lt;br&gt; Photo: DEL RIO BANI&lt;br&gt;&lt;br&gt;\" data-attachment-id=\"6648\" data-lightbox-title=\"&lt;a href=&quot;https:\/\/landscapearchitecturebuilt.com\/staging\/rambla-girada&quot;&gt;Rambla Girada&lt;\/a&gt;, &lt;br&gt;Vilafranca del Pened\u00e8s, Spain\" data-lightbox-description=\"Design: &lt;a href=&quot;https:\/\/landscapearchitecturebuilt.com\/staging\/category\/projects\/batlleiroig-projects\/&quot;&gt;Batlleiroig &lt;\/a&gt; &lt;br&gt; Photo: DEL RIO BANI&lt;br&gt;&lt;br&gt;\" data-type=\"image\" class=\"fg-thumb\"><span class=\"fg-image-wrap\"><img decoding=\"async\" title=\"&lt;a href=&quot;https:\/\/landscapearchitecturebuilt.com\/staging\/rambla-girada&quot;&gt;Rambla Girada&lt;\/a&gt;, &lt;br&gt;Vilafranca del Pened\u00e8s, Spain\" width=\"220\" height=\"160\" class=\"skip-lazy fg-image\" data-src-fg=\"https:\/\/landscapearchitecturebuilt.com\/staging\/wp-content\/uploads\/cache\/2024\/12\/1099-batlleiroig-\u00a9DELRRIOBANI-2023-Rambla_Girada-11\/3362215220.jpg\" src=\"data:image\/svg+xml,%3Csvg%20xmlns%3D%22http%3A%2F%2Fwww.w3.org%2F2000%2Fsvg%22%20width%3D%22220%22%20height%3D%22160%22%20viewBox%3D%220%200%20220%20160%22%3E%3C%2Fsvg%3E\" loading=\"eager\"><\/span><span class=\"fg-image-overlay\"><\/span><\/a><figcaption class=\"fg-caption\"><div class=\"fg-caption-inner\"><div class=\"fg-caption-title\"><a href=\"https:\/\/landscapearchitecturebuilt.com\/staging\/rambla-girada\">Rambla Girada<\/a>, <br>Vilafranca del Pened\u00e8s, Spain<\/div><div class=\"fg-caption-desc\">Design: <a href=\"https:\/\/landscapearchitecturebuilt.com\/staging\/category\/projects\/batlleiroig-projects\/\">Batlleiroig <\/a> <br> Photo: DEL RIO BANI<br><br><\/div><\/div><\/figcaption><\/figure><div class=\"fg-loader\"><\/div><\/div><div class=\"fg-item fg-type-image fg-idle\"><figure class=\"fg-item-inner\"><a href=\"https:\/\/landscapearchitecturebuilt.com\/staging\/wp-content\/uploads\/2024\/12\/1099-batlleiroig-\u00a9DELRRIOBANI-2023-Rambla_Girada-14.jpg\" data-caption-title=\"&lt;a href=&quot;https:\/\/landscapearchitecturebuilt.com\/staging\/rambla-girada&quot;&gt;Rambla Girada&lt;\/a&gt;, &lt;br&gt;Vilafranca del Pened\u00e8s, Spain\" data-caption-desc=\"Design: &lt;a href=&quot;https:\/\/landscapearchitecturebuilt.com\/staging\/category\/projects\/batlleiroig-projects\/&quot;&gt;Batlleiroig &lt;\/a&gt; &lt;br&gt; Photo: DEL RIO BANI&lt;br&gt;&lt;br&gt;\" data-attachment-id=\"6647\" data-lightbox-title=\"&lt;a href=&quot;https:\/\/landscapearchitecturebuilt.com\/staging\/rambla-girada&quot;&gt;Rambla Girada&lt;\/a&gt;, &lt;br&gt;Vilafranca del Pened\u00e8s, Spain\" data-lightbox-description=\"Design: &lt;a href=&quot;https:\/\/landscapearchitecturebuilt.com\/staging\/category\/projects\/batlleiroig-projects\/&quot;&gt;Batlleiroig &lt;\/a&gt; &lt;br&gt; Photo: DEL RIO BANI&lt;br&gt;&lt;br&gt;\" data-type=\"image\" class=\"fg-thumb\"><span class=\"fg-image-wrap\"><img decoding=\"async\" title=\"&lt;a href=&quot;https:\/\/landscapearchitecturebuilt.com\/staging\/rambla-girada&quot;&gt;Rambla Girada&lt;\/a&gt;, &lt;br&gt;Vilafranca del Pened\u00e8s, Spain\" width=\"220\" height=\"160\" class=\"skip-lazy fg-image\" data-src-fg=\"https:\/\/landscapearchitecturebuilt.com\/staging\/wp-content\/uploads\/cache\/2024\/12\/1099-batlleiroig-\u00a9DELRRIOBANI-2023-Rambla_Girada-14\/2470437113.jpg\" src=\"data:image\/svg+xml,%3Csvg%20xmlns%3D%22http%3A%2F%2Fwww.w3.org%2F2000%2Fsvg%22%20width%3D%22220%22%20height%3D%22160%22%20viewBox%3D%220%200%20220%20160%22%3E%3C%2Fsvg%3E\" loading=\"eager\"><\/span><span class=\"fg-image-overlay\"><\/span><\/a><figcaption class=\"fg-caption\"><div class=\"fg-caption-inner\"><div class=\"fg-caption-title\"><a href=\"https:\/\/landscapearchitecturebuilt.com\/staging\/rambla-girada\">Rambla Girada<\/a>, <br>Vilafranca del Pened\u00e8s, Spain<\/div><div class=\"fg-caption-desc\">Design: <a href=\"https:\/\/landscapearchitecturebuilt.com\/staging\/category\/projects\/batlleiroig-projects\/\">Batlleiroig <\/a> <br> Photo: DEL RIO BANI<br><br><\/div><\/div><\/figcaption><\/figure><div class=\"fg-loader\"><\/div><\/div><div class=\"fg-item fg-type-image fg-idle\"><figure class=\"fg-item-inner\"><a href=\"https:\/\/landscapearchitecturebuilt.com\/staging\/wp-content\/uploads\/2024\/12\/1099-batlleiroig-\u00a9DELRRIOBANI-2023-Rambla_Girada-2.jpg\" data-caption-title=\"&lt;a href=&quot;https:\/\/landscapearchitecturebuilt.com\/staging\/rambla-girada&quot;&gt;Rambla Girada&lt;\/a&gt;, &lt;br&gt;Vilafranca del Pened\u00e8s, Spain\" data-caption-desc=\"Design: &lt;a href=&quot;https:\/\/landscapearchitecturebuilt.com\/staging\/category\/projects\/batlleiroig-projects\/&quot;&gt;Batlleiroig &lt;\/a&gt; &lt;br&gt; Photo: DEL RIO BANI&lt;br&gt;&lt;br&gt;\" data-attachment-id=\"6646\" data-lightbox-title=\"&lt;a href=&quot;https:\/\/landscapearchitecturebuilt.com\/staging\/rambla-girada&quot;&gt;Rambla Girada&lt;\/a&gt;, &lt;br&gt;Vilafranca del Pened\u00e8s, Spain\" data-lightbox-description=\"Design: &lt;a href=&quot;https:\/\/landscapearchitecturebuilt.com\/staging\/category\/projects\/batlleiroig-projects\/&quot;&gt;Batlleiroig &lt;\/a&gt; &lt;br&gt; Photo: DEL RIO BANI&lt;br&gt;&lt;br&gt;\" data-type=\"image\" class=\"fg-thumb\"><span class=\"fg-image-wrap\"><img decoding=\"async\" title=\"&lt;a href=&quot;https:\/\/landscapearchitecturebuilt.com\/staging\/rambla-girada&quot;&gt;Rambla Girada&lt;\/a&gt;, &lt;br&gt;Vilafranca del Pened\u00e8s, Spain\" width=\"220\" height=\"160\" class=\"skip-lazy fg-image\" data-src-fg=\"https:\/\/landscapearchitecturebuilt.com\/staging\/wp-content\/uploads\/cache\/2024\/12\/1099-batlleiroig-\u00a9DELRRIOBANI-2023-Rambla_Girada-2\/3986165373.jpg\" src=\"data:image\/svg+xml,%3Csvg%20xmlns%3D%22http%3A%2F%2Fwww.w3.org%2F2000%2Fsvg%22%20width%3D%22220%22%20height%3D%22160%22%20viewBox%3D%220%200%20220%20160%22%3E%3C%2Fsvg%3E\" loading=\"eager\"><\/span><span class=\"fg-image-overlay\"><\/span><\/a><figcaption class=\"fg-caption\"><div class=\"fg-caption-inner\"><div class=\"fg-caption-title\"><a href=\"https:\/\/landscapearchitecturebuilt.com\/staging\/rambla-girada\">Rambla Girada<\/a>, <br>Vilafranca del Pened\u00e8s, Spain<\/div><div class=\"fg-caption-desc\">Design: <a href=\"https:\/\/landscapearchitecturebuilt.com\/staging\/category\/projects\/batlleiroig-projects\/\">Batlleiroig <\/a> <br> Photo: DEL RIO BANI<br><br><\/div><\/div><\/figcaption><\/figure><div class=\"fg-loader\"><\/div><\/div><div class=\"fg-item fg-type-image fg-idle\"><figure class=\"fg-item-inner\"><a href=\"https:\/\/landscapearchitecturebuilt.com\/staging\/wp-content\/uploads\/2024\/12\/1099-batlleiroig-\u00a9DELRRIOBANI-2023-Rambla_Girada-3.jpg\" data-caption-title=\"&lt;a href=&quot;https:\/\/landscapearchitecturebuilt.com\/staging\/rambla-girada&quot;&gt;Rambla Girada&lt;\/a&gt;, &lt;br&gt;Vilafranca del Pened\u00e8s, Spain\" data-caption-desc=\"Design: &lt;a href=&quot;https:\/\/landscapearchitecturebuilt.com\/staging\/category\/projects\/batlleiroig-projects\/&quot;&gt;Batlleiroig &lt;\/a&gt; &lt;br&gt; Photo: DEL RIO BANI&lt;br&gt;&lt;br&gt;\" data-attachment-id=\"6645\" data-lightbox-title=\"&lt;a href=&quot;https:\/\/landscapearchitecturebuilt.com\/staging\/rambla-girada&quot;&gt;Rambla Girada&lt;\/a&gt;, &lt;br&gt;Vilafranca del Pened\u00e8s, Spain\" data-lightbox-description=\"Design: &lt;a href=&quot;https:\/\/landscapearchitecturebuilt.com\/staging\/category\/projects\/batlleiroig-projects\/&quot;&gt;Batlleiroig &lt;\/a&gt; &lt;br&gt; Photo: DEL RIO BANI&lt;br&gt;&lt;br&gt;\" data-type=\"image\" class=\"fg-thumb\"><span class=\"fg-image-wrap\"><img decoding=\"async\" title=\"&lt;a href=&quot;https:\/\/landscapearchitecturebuilt.com\/staging\/rambla-girada&quot;&gt;Rambla Girada&lt;\/a&gt;, &lt;br&gt;Vilafranca del Pened\u00e8s, Spain\" width=\"220\" height=\"160\" class=\"skip-lazy fg-image\" data-src-fg=\"https:\/\/landscapearchitecturebuilt.com\/staging\/wp-content\/uploads\/cache\/2024\/12\/1099-batlleiroig-\u00a9DELRRIOBANI-2023-Rambla_Girada-3\/3248963121.jpg\" src=\"data:image\/svg+xml,%3Csvg%20xmlns%3D%22http%3A%2F%2Fwww.w3.org%2F2000%2Fsvg%22%20width%3D%22220%22%20height%3D%22160%22%20viewBox%3D%220%200%20220%20160%22%3E%3C%2Fsvg%3E\" loading=\"eager\"><\/span><span class=\"fg-image-overlay\"><\/span><\/a><figcaption class=\"fg-caption\"><div class=\"fg-caption-inner\"><div class=\"fg-caption-title\"><a href=\"https:\/\/landscapearchitecturebuilt.com\/staging\/rambla-girada\">Rambla Girada<\/a>, <br>Vilafranca del Pened\u00e8s, Spain<\/div><div class=\"fg-caption-desc\">Design: <a href=\"https:\/\/landscapearchitecturebuilt.com\/staging\/category\/projects\/batlleiroig-projects\/\">Batlleiroig <\/a> <br> Photo: DEL RIO BANI<br><br><\/div><\/div><\/figcaption><\/figure><div class=\"fg-loader\"><\/div><\/div><div class=\"fg-item fg-type-image fg-idle\"><figure class=\"fg-item-inner\"><a href=\"https:\/\/landscapearchitecturebuilt.com\/staging\/wp-content\/uploads\/2024\/12\/1099-batlleiroig-\u00a9DELRRIOBANI-2023-Rambla_Girada-4.jpg\" data-caption-title=\"&lt;a href=&quot;https:\/\/landscapearchitecturebuilt.com\/staging\/rambla-girada&quot;&gt;Rambla Girada&lt;\/a&gt;, &lt;br&gt;Vilafranca del Pened\u00e8s, Spain\" data-caption-desc=\"Design: &lt;a href=&quot;https:\/\/landscapearchitecturebuilt.com\/staging\/category\/projects\/batlleiroig-projects\/&quot;&gt;Batlleiroig &lt;\/a&gt; &lt;br&gt; Photo: DEL RIO BANI&lt;br&gt;&lt;br&gt;\" data-attachment-id=\"6643\" data-lightbox-title=\"&lt;a href=&quot;https:\/\/landscapearchitecturebuilt.com\/staging\/rambla-girada&quot;&gt;Rambla Girada&lt;\/a&gt;, &lt;br&gt;Vilafranca del Pened\u00e8s, Spain\" data-lightbox-description=\"Design: &lt;a href=&quot;https:\/\/landscapearchitecturebuilt.com\/staging\/category\/projects\/batlleiroig-projects\/&quot;&gt;Batlleiroig &lt;\/a&gt; &lt;br&gt; Photo: DEL RIO BANI&lt;br&gt;&lt;br&gt;\" data-type=\"image\" class=\"fg-thumb\"><span class=\"fg-image-wrap\"><img decoding=\"async\" title=\"&lt;a href=&quot;https:\/\/landscapearchitecturebuilt.com\/staging\/rambla-girada&quot;&gt;Rambla Girada&lt;\/a&gt;, &lt;br&gt;Vilafranca del Pened\u00e8s, Spain\" width=\"220\" height=\"160\" class=\"skip-lazy fg-image\" data-src-fg=\"https:\/\/landscapearchitecturebuilt.com\/staging\/wp-content\/uploads\/cache\/2024\/12\/1099-batlleiroig-\u00a9DELRRIOBANI-2023-Rambla_Girada-4\/3510194381.jpg\" src=\"data:image\/svg+xml,%3Csvg%20xmlns%3D%22http%3A%2F%2Fwww.w3.org%2F2000%2Fsvg%22%20width%3D%22220%22%20height%3D%22160%22%20viewBox%3D%220%200%20220%20160%22%3E%3C%2Fsvg%3E\" loading=\"eager\"><\/span><span class=\"fg-image-overlay\"><\/span><\/a><figcaption class=\"fg-caption\"><div class=\"fg-caption-inner\"><div class=\"fg-caption-title\"><a href=\"https:\/\/landscapearchitecturebuilt.com\/staging\/rambla-girada\">Rambla Girada<\/a>, <br>Vilafranca del Pened\u00e8s, Spain<\/div><div class=\"fg-caption-desc\">Design: <a href=\"https:\/\/landscapearchitecturebuilt.com\/staging\/category\/projects\/batlleiroig-projects\/\">Batlleiroig <\/a> <br> Photo: DEL RIO BANI<br><br><\/div><\/div><\/figcaption><\/figure><div class=\"fg-loader\"><\/div><\/div><div class=\"fg-item fg-type-image fg-idle\"><figure class=\"fg-item-inner\"><a href=\"https:\/\/landscapearchitecturebuilt.com\/staging\/wp-content\/uploads\/2024\/12\/1099-batlleiroig-\u00a9DELRRIOBANI-2023-Rambla_Girada-5.jpg\" data-caption-title=\"&lt;a href=&quot;https:\/\/landscapearchitecturebuilt.com\/staging\/rambla-girada&quot;&gt;Rambla Girada&lt;\/a&gt;, &lt;br&gt;Vilafranca del Pened\u00e8s, Spain\" data-caption-desc=\"Design: &lt;a href=&quot;https:\/\/landscapearchitecturebuilt.com\/staging\/category\/projects\/batlleiroig-projects\/&quot;&gt;Batlleiroig &lt;\/a&gt; &lt;br&gt; Photo: DEL RIO BANI&lt;br&gt;&lt;br&gt;\" data-attachment-id=\"6642\" data-lightbox-title=\"&lt;a href=&quot;https:\/\/landscapearchitecturebuilt.com\/staging\/rambla-girada&quot;&gt;Rambla Girada&lt;\/a&gt;, &lt;br&gt;Vilafranca del Pened\u00e8s, Spain\" data-lightbox-description=\"Design: &lt;a href=&quot;https:\/\/landscapearchitecturebuilt.com\/staging\/category\/projects\/batlleiroig-projects\/&quot;&gt;Batlleiroig &lt;\/a&gt; &lt;br&gt; Photo: DEL RIO BANI&lt;br&gt;&lt;br&gt;\" data-type=\"image\" class=\"fg-thumb\"><span class=\"fg-image-wrap\"><img decoding=\"async\" title=\"&lt;a href=&quot;https:\/\/landscapearchitecturebuilt.com\/staging\/rambla-girada&quot;&gt;Rambla Girada&lt;\/a&gt;, &lt;br&gt;Vilafranca del Pened\u00e8s, Spain\" width=\"220\" height=\"160\" class=\"skip-lazy fg-image\" data-src-fg=\"https:\/\/landscapearchitecturebuilt.com\/staging\/wp-content\/uploads\/cache\/2024\/12\/1099-batlleiroig-\u00a9DELRRIOBANI-2023-Rambla_Girada-5\/4107223586.jpg\" src=\"data:image\/svg+xml,%3Csvg%20xmlns%3D%22http%3A%2F%2Fwww.w3.org%2F2000%2Fsvg%22%20width%3D%22220%22%20height%3D%22160%22%20viewBox%3D%220%200%20220%20160%22%3E%3C%2Fsvg%3E\" loading=\"eager\"><\/span><span class=\"fg-image-overlay\"><\/span><\/a><figcaption class=\"fg-caption\"><div class=\"fg-caption-inner\"><div class=\"fg-caption-title\"><a href=\"https:\/\/landscapearchitecturebuilt.com\/staging\/rambla-girada\">Rambla Girada<\/a>, <br>Vilafranca del Pened\u00e8s, Spain<\/div><div class=\"fg-caption-desc\">Design: <a href=\"https:\/\/landscapearchitecturebuilt.com\/staging\/category\/projects\/batlleiroig-projects\/\">Batlleiroig <\/a> <br> Photo: DEL RIO BANI<br><br><\/div><\/div><\/figcaption><\/figure><div class=\"fg-loader\"><\/div><\/div><div class=\"fg-item fg-type-image fg-idle\"><figure class=\"fg-item-inner\"><a href=\"https:\/\/landscapearchitecturebuilt.com\/staging\/wp-content\/uploads\/2024\/12\/1099-batlleiroig-\u00a9DELRRIOBANI-2023-Rambla_Girada-6.jpg\" data-caption-title=\"&lt;a href=&quot;https:\/\/landscapearchitecturebuilt.com\/staging\/rambla-girada&quot;&gt;Rambla Girada&lt;\/a&gt;, &lt;br&gt;Vilafranca del Pened\u00e8s, Spain\" data-caption-desc=\"Design: &lt;a href=&quot;https:\/\/landscapearchitecturebuilt.com\/staging\/category\/projects\/batlleiroig-projects\/&quot;&gt;Batlleiroig &lt;\/a&gt; &lt;br&gt; Photo: DEL RIO BANI&lt;br&gt;&lt;br&gt;\" data-attachment-id=\"6641\" data-lightbox-title=\"&lt;a href=&quot;https:\/\/landscapearchitecturebuilt.com\/staging\/rambla-girada&quot;&gt;Rambla Girada&lt;\/a&gt;, &lt;br&gt;Vilafranca del Pened\u00e8s, Spain\" data-lightbox-description=\"Design: &lt;a href=&quot;https:\/\/landscapearchitecturebuilt.com\/staging\/category\/projects\/batlleiroig-projects\/&quot;&gt;Batlleiroig &lt;\/a&gt; &lt;br&gt; Photo: DEL RIO BANI&lt;br&gt;&lt;br&gt;\" data-type=\"image\" class=\"fg-thumb\"><span class=\"fg-image-wrap\"><img decoding=\"async\" title=\"&lt;a href=&quot;https:\/\/landscapearchitecturebuilt.com\/staging\/rambla-girada&quot;&gt;Rambla Girada&lt;\/a&gt;, &lt;br&gt;Vilafranca del Pened\u00e8s, Spain\" width=\"220\" height=\"160\" class=\"skip-lazy fg-image\" data-src-fg=\"https:\/\/landscapearchitecturebuilt.com\/staging\/wp-content\/uploads\/cache\/2024\/12\/1099-batlleiroig-\u00a9DELRRIOBANI-2023-Rambla_Girada-6\/2597680403.jpg\" src=\"data:image\/svg+xml,%3Csvg%20xmlns%3D%22http%3A%2F%2Fwww.w3.org%2F2000%2Fsvg%22%20width%3D%22220%22%20height%3D%22160%22%20viewBox%3D%220%200%20220%20160%22%3E%3C%2Fsvg%3E\" loading=\"eager\"><\/span><span class=\"fg-image-overlay\"><\/span><\/a><figcaption class=\"fg-caption\"><div class=\"fg-caption-inner\"><div class=\"fg-caption-title\"><a href=\"https:\/\/landscapearchitecturebuilt.com\/staging\/rambla-girada\">Rambla Girada<\/a>, <br>Vilafranca del Pened\u00e8s, Spain<\/div><div class=\"fg-caption-desc\">Design: <a href=\"https:\/\/landscapearchitecturebuilt.com\/staging\/category\/projects\/batlleiroig-projects\/\">Batlleiroig <\/a> <br> Photo: DEL RIO BANI<br><br><\/div><\/div><\/figcaption><\/figure><div class=\"fg-loader\"><\/div><\/div><div class=\"fg-item fg-type-image fg-idle\"><figure class=\"fg-item-inner\"><a href=\"https:\/\/landscapearchitecturebuilt.com\/staging\/wp-content\/uploads\/2024\/12\/1099-batlleiroig-\u00a9DELRRIOBANI-2023-Rambla_Girada-7.jpg\" data-caption-title=\"&lt;a href=&quot;https:\/\/landscapearchitecturebuilt.com\/staging\/rambla-girada&quot;&gt;Rambla Girada&lt;\/a&gt;, &lt;br&gt;Vilafranca del Pened\u00e8s, Spain\" data-caption-desc=\"Design: &lt;a href=&quot;https:\/\/landscapearchitecturebuilt.com\/staging\/category\/projects\/batlleiroig-projects\/&quot;&gt;Batlleiroig &lt;\/a&gt; &lt;br&gt; Photo: DEL RIO BANI&lt;br&gt;&lt;br&gt;\" data-attachment-id=\"6640\" data-lightbox-title=\"&lt;a href=&quot;https:\/\/landscapearchitecturebuilt.com\/staging\/rambla-girada&quot;&gt;Rambla Girada&lt;\/a&gt;, &lt;br&gt;Vilafranca del Pened\u00e8s, Spain\" data-lightbox-description=\"Design: &lt;a href=&quot;https:\/\/landscapearchitecturebuilt.com\/staging\/category\/projects\/batlleiroig-projects\/&quot;&gt;Batlleiroig &lt;\/a&gt; &lt;br&gt; Photo: DEL RIO BANI&lt;br&gt;&lt;br&gt;\" data-type=\"image\" class=\"fg-thumb\"><span class=\"fg-image-wrap\"><img decoding=\"async\" title=\"&lt;a href=&quot;https:\/\/landscapearchitecturebuilt.com\/staging\/rambla-girada&quot;&gt;Rambla Girada&lt;\/a&gt;, &lt;br&gt;Vilafranca del Pened\u00e8s, Spain\" width=\"220\" height=\"160\" class=\"skip-lazy fg-image\" data-src-fg=\"https:\/\/landscapearchitecturebuilt.com\/staging\/wp-content\/uploads\/cache\/2024\/12\/1099-batlleiroig-\u00a9DELRRIOBANI-2023-Rambla_Girada-7\/3206768636.jpg\" src=\"data:image\/svg+xml,%3Csvg%20xmlns%3D%22http%3A%2F%2Fwww.w3.org%2F2000%2Fsvg%22%20width%3D%22220%22%20height%3D%22160%22%20viewBox%3D%220%200%20220%20160%22%3E%3C%2Fsvg%3E\" loading=\"eager\"><\/span><span class=\"fg-image-overlay\"><\/span><\/a><figcaption class=\"fg-caption\"><div class=\"fg-caption-inner\"><div class=\"fg-caption-title\"><a href=\"https:\/\/landscapearchitecturebuilt.com\/staging\/rambla-girada\">Rambla Girada<\/a>, <br>Vilafranca del Pened\u00e8s, Spain<\/div><div class=\"fg-caption-desc\">Design: <a href=\"https:\/\/landscapearchitecturebuilt.com\/staging\/category\/projects\/batlleiroig-projects\/\">Batlleiroig <\/a> <br> Photo: DEL RIO BANI<br><br><\/div><\/div><\/figcaption><\/figure><div class=\"fg-loader\"><\/div><\/div><div class=\"fg-item fg-type-image fg-idle\"><figure class=\"fg-item-inner\"><a href=\"https:\/\/landscapearchitecturebuilt.com\/staging\/wp-content\/uploads\/2024\/12\/1099-batlleiroig-\u00a9DELRRIOBANI-2023-Rambla_Girada-8.jpg\" data-caption-title=\"&lt;a href=&quot;https:\/\/landscapearchitecturebuilt.com\/staging\/rambla-girada&quot;&gt;Rambla Girada&lt;\/a&gt;, &lt;br&gt;Vilafranca del Pened\u00e8s, Spain\" data-caption-desc=\"Design: &lt;a href=&quot;https:\/\/landscapearchitecturebuilt.com\/staging\/category\/projects\/batlleiroig-projects\/&quot;&gt;Batlleiroig &lt;\/a&gt; &lt;br&gt; Photo: DEL RIO BANI&lt;br&gt;&lt;br&gt;\" data-attachment-id=\"6639\" data-lightbox-title=\"&lt;a href=&quot;https:\/\/landscapearchitecturebuilt.com\/staging\/rambla-girada&quot;&gt;Rambla Girada&lt;\/a&gt;, &lt;br&gt;Vilafranca del Pened\u00e8s, Spain\" data-lightbox-description=\"Design: &lt;a href=&quot;https:\/\/landscapearchitecturebuilt.com\/staging\/category\/projects\/batlleiroig-projects\/&quot;&gt;Batlleiroig &lt;\/a&gt; &lt;br&gt; Photo: DEL RIO BANI&lt;br&gt;&lt;br&gt;\" data-type=\"image\" class=\"fg-thumb\"><span class=\"fg-image-wrap\"><img decoding=\"async\" title=\"&lt;a href=&quot;https:\/\/landscapearchitecturebuilt.com\/staging\/rambla-girada&quot;&gt;Rambla Girada&lt;\/a&gt;, &lt;br&gt;Vilafranca del Pened\u00e8s, Spain\" width=\"220\" height=\"160\" class=\"skip-lazy fg-image\" data-src-fg=\"https:\/\/landscapearchitecturebuilt.com\/staging\/wp-content\/uploads\/cache\/2024\/12\/1099-batlleiroig-\u00a9DELRRIOBANI-2023-Rambla_Girada-8\/1609219461.jpg\" src=\"data:image\/svg+xml,%3Csvg%20xmlns%3D%22http%3A%2F%2Fwww.w3.org%2F2000%2Fsvg%22%20width%3D%22220%22%20height%3D%22160%22%20viewBox%3D%220%200%20220%20160%22%3E%3C%2Fsvg%3E\" loading=\"eager\"><\/span><span class=\"fg-image-overlay\"><\/span><\/a><figcaption class=\"fg-caption\"><div class=\"fg-caption-inner\"><div class=\"fg-caption-title\"><a href=\"https:\/\/landscapearchitecturebuilt.com\/staging\/rambla-girada\">Rambla Girada<\/a>, <br>Vilafranca del Pened\u00e8s, Spain<\/div><div class=\"fg-caption-desc\">Design: <a href=\"https:\/\/landscapearchitecturebuilt.com\/staging\/category\/projects\/batlleiroig-projects\/\">Batlleiroig <\/a> <br> Photo: DEL RIO BANI<br><br><\/div><\/div><\/figcaption><\/figure><div class=\"fg-loader\"><\/div><\/div><div class=\"fg-item fg-type-image fg-idle\"><figure class=\"fg-item-inner\"><a href=\"https:\/\/landscapearchitecturebuilt.com\/staging\/wp-content\/uploads\/2024\/12\/1099-\u00a9batlleiroig-Rambla_Girada-01-Eplacament.jpg\" data-caption-title=\"&lt;a href=&quot;https:\/\/landscapearchitecturebuilt.com\/staging\/rambla-girada&quot;&gt;Rambla Girada&lt;\/a&gt;, &lt;br&gt;Vilafranca del Pened\u00e8s, Spain\" data-caption-desc=\"Design: &lt;a href=&quot;https:\/\/landscapearchitecturebuilt.com\/staging\/category\/projects\/batlleiroig-projects\/&quot;&gt;Batlleiroig &lt;\/a&gt; &lt;br&gt; Graphic: Batlleiroig&lt;br&gt;&lt;br&gt;\" data-attachment-id=\"6638\" data-lightbox-title=\"&lt;a href=&quot;https:\/\/landscapearchitecturebuilt.com\/staging\/rambla-girada&quot;&gt;Rambla Girada&lt;\/a&gt;, &lt;br&gt;Vilafranca del Pened\u00e8s, Spain\" data-lightbox-description=\"Design: &lt;a href=&quot;https:\/\/landscapearchitecturebuilt.com\/staging\/category\/projects\/batlleiroig-projects\/&quot;&gt;Batlleiroig &lt;\/a&gt; &lt;br&gt; Graphic: Batlleiroig&lt;br&gt;&lt;br&gt;\" data-type=\"image\" class=\"fg-thumb\"><span class=\"fg-image-wrap\"><img decoding=\"async\" title=\"&lt;a href=&quot;https:\/\/landscapearchitecturebuilt.com\/staging\/rambla-girada&quot;&gt;Rambla Girada&lt;\/a&gt;, &lt;br&gt;Vilafranca del Pened\u00e8s, Spain\" width=\"220\" height=\"160\" class=\"skip-lazy fg-image\" data-src-fg=\"https:\/\/landscapearchitecturebuilt.com\/staging\/wp-content\/uploads\/cache\/2024\/12\/1099-\u00a9batlleiroig-Rambla_Girada-01-Eplacament\/2589640691.jpg\" src=\"data:image\/svg+xml,%3Csvg%20xmlns%3D%22http%3A%2F%2Fwww.w3.org%2F2000%2Fsvg%22%20width%3D%22220%22%20height%3D%22160%22%20viewBox%3D%220%200%20220%20160%22%3E%3C%2Fsvg%3E\" loading=\"eager\"><\/span><span class=\"fg-image-overlay\"><\/span><\/a><figcaption class=\"fg-caption\"><div class=\"fg-caption-inner\"><div class=\"fg-caption-title\"><a href=\"https:\/\/landscapearchitecturebuilt.com\/staging\/rambla-girada\">Rambla Girada<\/a>, <br>Vilafranca del Pened\u00e8s, Spain<\/div><div class=\"fg-caption-desc\">Design: <a href=\"https:\/\/landscapearchitecturebuilt.com\/staging\/category\/projects\/batlleiroig-projects\/\">Batlleiroig <\/a> <br> Graphic: Batlleiroig<br><br><\/div><\/div><\/figcaption><\/figure><div class=\"fg-loader\"><\/div><\/div><div class=\"fg-item fg-type-image fg-idle\"><figure class=\"fg-item-inner\"><a href=\"https:\/\/landscapearchitecturebuilt.com\/staging\/wp-content\/uploads\/2024\/12\/1099-\u00a9batlleiroig-Rambla_Girada-02-Planta.jpg\" data-caption-title=\"&lt;a href=&quot;https:\/\/landscapearchitecturebuilt.com\/staging\/rambla-girada&quot;&gt;Rambla Girada&lt;\/a&gt;, &lt;br&gt;Vilafranca del Pened\u00e8s, Spain\" data-caption-desc=\"Design: &lt;a href=&quot;https:\/\/landscapearchitecturebuilt.com\/staging\/category\/projects\/batlleiroig-projects\/&quot;&gt;Batlleiroig &lt;\/a&gt; &lt;br&gt; Graphic: Batlleiroig&lt;br&gt;&lt;br&gt;\" data-attachment-id=\"6637\" data-lightbox-title=\"&lt;a href=&quot;https:\/\/landscapearchitecturebuilt.com\/staging\/rambla-girada&quot;&gt;Rambla Girada&lt;\/a&gt;, &lt;br&gt;Vilafranca del Pened\u00e8s, Spain\" data-lightbox-description=\"Design: &lt;a href=&quot;https:\/\/landscapearchitecturebuilt.com\/staging\/category\/projects\/batlleiroig-projects\/&quot;&gt;Batlleiroig &lt;\/a&gt; &lt;br&gt; Graphic: Batlleiroig&lt;br&gt;&lt;br&gt;\" data-type=\"image\" class=\"fg-thumb\"><span class=\"fg-image-wrap\"><img decoding=\"async\" title=\"&lt;a href=&quot;https:\/\/landscapearchitecturebuilt.com\/staging\/rambla-girada&quot;&gt;Rambla Girada&lt;\/a&gt;, &lt;br&gt;Vilafranca del Pened\u00e8s, Spain\" width=\"220\" height=\"160\" class=\"skip-lazy fg-image\" data-src-fg=\"https:\/\/landscapearchitecturebuilt.com\/staging\/wp-content\/uploads\/cache\/2024\/12\/1099-\u00a9batlleiroig-Rambla_Girada-02-Planta\/2160417200.jpg\" src=\"data:image\/svg+xml,%3Csvg%20xmlns%3D%22http%3A%2F%2Fwww.w3.org%2F2000%2Fsvg%22%20width%3D%22220%22%20height%3D%22160%22%20viewBox%3D%220%200%20220%20160%22%3E%3C%2Fsvg%3E\" loading=\"eager\"><\/span><span class=\"fg-image-overlay\"><\/span><\/a><figcaption class=\"fg-caption\"><div class=\"fg-caption-inner\"><div class=\"fg-caption-title\"><a href=\"https:\/\/landscapearchitecturebuilt.com\/staging\/rambla-girada\">Rambla Girada<\/a>, <br>Vilafranca del Pened\u00e8s, Spain<\/div><div class=\"fg-caption-desc\">Design: <a href=\"https:\/\/landscapearchitecturebuilt.com\/staging\/category\/projects\/batlleiroig-projects\/\">Batlleiroig <\/a> <br> Graphic: Batlleiroig<br><br><\/div><\/div><\/figcaption><\/figure><div class=\"fg-loader\"><\/div><\/div><div class=\"fg-item fg-type-image fg-idle\"><figure class=\"fg-item-inner\"><a href=\"https:\/\/landscapearchitecturebuilt.com\/staging\/wp-content\/uploads\/2024\/12\/1099-\u00a9batlleiroig-Rambla_Girada-03-Esquemas-.jpg\" data-caption-title=\"&lt;a href=&quot;https:\/\/landscapearchitecturebuilt.com\/staging\/rambla-girada&quot;&gt;Rambla Girada&lt;\/a&gt;, &lt;br&gt;Vilafranca del Pened\u00e8s, Spain\" data-caption-desc=\"Design: &lt;a href=&quot;https:\/\/landscapearchitecturebuilt.com\/staging\/category\/projects\/batlleiroig-projects\/&quot;&gt;Batlleiroig &lt;\/a&gt; &lt;br&gt; Graphic: Batlleiroig&lt;br&gt;&lt;br&gt;\" data-attachment-id=\"6636\" data-lightbox-title=\"&lt;a href=&quot;https:\/\/landscapearchitecturebuilt.com\/staging\/rambla-girada&quot;&gt;Rambla Girada&lt;\/a&gt;, &lt;br&gt;Vilafranca del Pened\u00e8s, Spain\" data-lightbox-description=\"Design: &lt;a href=&quot;https:\/\/landscapearchitecturebuilt.com\/staging\/category\/projects\/batlleiroig-projects\/&quot;&gt;Batlleiroig &lt;\/a&gt; &lt;br&gt; Graphic: Batlleiroig&lt;br&gt;&lt;br&gt;\" data-type=\"image\" class=\"fg-thumb\"><span class=\"fg-image-wrap\"><img decoding=\"async\" title=\"&lt;a href=&quot;https:\/\/landscapearchitecturebuilt.com\/staging\/rambla-girada&quot;&gt;Rambla Girada&lt;\/a&gt;, &lt;br&gt;Vilafranca del Pened\u00e8s, Spain\" width=\"220\" height=\"160\" class=\"skip-lazy fg-image\" data-src-fg=\"https:\/\/landscapearchitecturebuilt.com\/staging\/wp-content\/uploads\/cache\/2024\/12\/1099-\u00a9batlleiroig-Rambla_Girada-03-Esquemas-\/775555434.jpg\" src=\"data:image\/svg+xml,%3Csvg%20xmlns%3D%22http%3A%2F%2Fwww.w3.org%2F2000%2Fsvg%22%20width%3D%22220%22%20height%3D%22160%22%20viewBox%3D%220%200%20220%20160%22%3E%3C%2Fsvg%3E\" loading=\"eager\"><\/span><span class=\"fg-image-overlay\"><\/span><\/a><figcaption class=\"fg-caption\"><div class=\"fg-caption-inner\"><div class=\"fg-caption-title\"><a href=\"https:\/\/landscapearchitecturebuilt.com\/staging\/rambla-girada\">Rambla Girada<\/a>, <br>Vilafranca del Pened\u00e8s, Spain<\/div><div class=\"fg-caption-desc\">Design: <a href=\"https:\/\/landscapearchitecturebuilt.com\/staging\/category\/projects\/batlleiroig-projects\/\">Batlleiroig <\/a> <br> Graphic: Batlleiroig<br><br><\/div><\/div><\/figcaption><\/figure><div class=\"fg-loader\"><\/div><\/div><div class=\"fg-item fg-type-image fg-idle\"><figure class=\"fg-item-inner\"><a href=\"https:\/\/landscapearchitecturebuilt.com\/staging\/wp-content\/uploads\/2024\/12\/1099-\u00a9batlleiroig-Rambla_Girada-04-Axonometrica.jpg\" data-caption-title=\"&lt;a href=&quot;https:\/\/landscapearchitecturebuilt.com\/staging\/rambla-girada&quot;&gt;Rambla Girada&lt;\/a&gt;, &lt;br&gt;Vilafranca del Pened\u00e8s, Spain\" data-caption-desc=\"Design: &lt;a href=&quot;https:\/\/landscapearchitecturebuilt.com\/staging\/category\/projects\/batlleiroig-projects\/&quot;&gt;Batlleiroig &lt;\/a&gt; &lt;br&gt; Graphic: Batlleiroig&lt;br&gt;&lt;br&gt;\" data-attachment-id=\"6635\" data-lightbox-title=\"&lt;a href=&quot;https:\/\/landscapearchitecturebuilt.com\/staging\/rambla-girada&quot;&gt;Rambla Girada&lt;\/a&gt;, &lt;br&gt;Vilafranca del Pened\u00e8s, Spain\" data-lightbox-description=\"Design: &lt;a href=&quot;https:\/\/landscapearchitecturebuilt.com\/staging\/category\/projects\/batlleiroig-projects\/&quot;&gt;Batlleiroig &lt;\/a&gt; &lt;br&gt; Graphic: Batlleiroig&lt;br&gt;&lt;br&gt;\" data-type=\"image\" class=\"fg-thumb\"><span class=\"fg-image-wrap\"><img decoding=\"async\" title=\"&lt;a href=&quot;https:\/\/landscapearchitecturebuilt.com\/staging\/rambla-girada&quot;&gt;Rambla Girada&lt;\/a&gt;, &lt;br&gt;Vilafranca del Pened\u00e8s, Spain\" width=\"220\" height=\"160\" class=\"skip-lazy fg-image\" data-src-fg=\"https:\/\/landscapearchitecturebuilt.com\/staging\/wp-content\/uploads\/cache\/2024\/12\/1099-\u00a9batlleiroig-Rambla_Girada-04-Axonometrica\/3707177931.jpg\" src=\"data:image\/svg+xml,%3Csvg%20xmlns%3D%22http%3A%2F%2Fwww.w3.org%2F2000%2Fsvg%22%20width%3D%22220%22%20height%3D%22160%22%20viewBox%3D%220%200%20220%20160%22%3E%3C%2Fsvg%3E\" loading=\"eager\"><\/span><span class=\"fg-image-overlay\"><\/span><\/a><figcaption class=\"fg-caption\"><div class=\"fg-caption-inner\"><div class=\"fg-caption-title\"><a href=\"https:\/\/landscapearchitecturebuilt.com\/staging\/rambla-girada\">Rambla Girada<\/a>, <br>Vilafranca del Pened\u00e8s, Spain<\/div><div class=\"fg-caption-desc\">Design: <a href=\"https:\/\/landscapearchitecturebuilt.com\/staging\/category\/projects\/batlleiroig-projects\/\">Batlleiroig <\/a> <br> Graphic: Batlleiroig<br><br><\/div><\/div><\/figcaption><\/figure><div class=\"fg-loader\"><\/div><\/div><div class=\"fg-item fg-type-image fg-idle\"><figure class=\"fg-item-inner\"><a href=\"https:\/\/landscapearchitecturebuilt.com\/staging\/wp-content\/uploads\/2024\/12\/1099-\u00a9batlleiroig-Rambla_Girada-05-Seccio-Agua.jpg\" data-caption-title=\"&lt;a href=&quot;https:\/\/landscapearchitecturebuilt.com\/staging\/rambla-girada&quot;&gt;Rambla Girada&lt;\/a&gt;, &lt;br&gt;Vilafranca del Pened\u00e8s, Spain\" data-caption-desc=\"Design: &lt;a href=&quot;https:\/\/landscapearchitecturebuilt.com\/staging\/category\/projects\/batlleiroig-projects\/&quot;&gt;Batlleiroig &lt;\/a&gt; &lt;br&gt; Graphic: Batlleiroig&lt;br&gt;&lt;br&gt;\" data-attachment-id=\"6634\" data-lightbox-title=\"&lt;a href=&quot;https:\/\/landscapearchitecturebuilt.com\/staging\/rambla-girada&quot;&gt;Rambla Girada&lt;\/a&gt;, &lt;br&gt;Vilafranca del Pened\u00e8s, Spain\" data-lightbox-description=\"Design: &lt;a href=&quot;https:\/\/landscapearchitecturebuilt.com\/staging\/category\/projects\/batlleiroig-projects\/&quot;&gt;Batlleiroig &lt;\/a&gt; &lt;br&gt; Graphic: Batlleiroig&lt;br&gt;&lt;br&gt;\" data-type=\"image\" class=\"fg-thumb\"><span class=\"fg-image-wrap\"><img decoding=\"async\" title=\"&lt;a href=&quot;https:\/\/landscapearchitecturebuilt.com\/staging\/rambla-girada&quot;&gt;Rambla Girada&lt;\/a&gt;, &lt;br&gt;Vilafranca del Pened\u00e8s, Spain\" width=\"220\" height=\"160\" class=\"skip-lazy fg-image\" data-src-fg=\"https:\/\/landscapearchitecturebuilt.com\/staging\/wp-content\/uploads\/cache\/2024\/12\/1099-\u00a9batlleiroig-Rambla_Girada-05-Seccio-Agua\/813369940.jpg\" src=\"data:image\/svg+xml,%3Csvg%20xmlns%3D%22http%3A%2F%2Fwww.w3.org%2F2000%2Fsvg%22%20width%3D%22220%22%20height%3D%22160%22%20viewBox%3D%220%200%20220%20160%22%3E%3C%2Fsvg%3E\" loading=\"eager\"><\/span><span class=\"fg-image-overlay\"><\/span><\/a><figcaption class=\"fg-caption\"><div class=\"fg-caption-inner\"><div class=\"fg-caption-title\"><a href=\"https:\/\/landscapearchitecturebuilt.com\/staging\/rambla-girada\">Rambla Girada<\/a>, <br>Vilafranca del Pened\u00e8s, Spain<\/div><div class=\"fg-caption-desc\">Design: <a href=\"https:\/\/landscapearchitecturebuilt.com\/staging\/category\/projects\/batlleiroig-projects\/\">Batlleiroig <\/a> <br> Graphic: Batlleiroig<br><br><\/div><\/div><\/figcaption><\/figure><div class=\"fg-loader\"><\/div><\/div><\/div>\r\n<style type=\"text\/css\">.fg-tag-link { font-size: 12px !important; }\r\n\r\n.fg-media-caption-title { margin-top: 30px !important; }\r\n\r\n.fg-media-caption-title a { text-decoration: underline; }\r\n\r\n.fg-media-caption-description a { text-decoration: underline; }\r\n\r\n\r\n<\/style>\t\t\t\t<\/div>\n\t\t\t\t<\/div>\n\t\t\t\t\t<\/div>\n\t\t<\/div>\n\t\t\t\t\t<\/div>\n\t\t<\/section>\n\t\t\t\t<section class=\"elementor-section elementor-top-section elementor-element elementor-element-5c5fa6ff elementor-section-boxed elementor-section-height-default elementor-section-height-default\" data-id=\"5c5fa6ff\" data-element_type=\"section\">\n\t\t\t\t\t\t<div class=\"elementor-container elementor-column-gap-default\">\n\t\t\t\t\t<div class=\"elementor-column elementor-col-100 elementor-top-column elementor-element elementor-element-857ecb5\" data-id=\"857ecb5\" data-element_type=\"column\">\n\t\t\t<div class=\"elementor-widget-wrap elementor-element-populated\">\n\t\t\t\t\t\t<div class=\"elementor-element elementor-element-c2b4347 elementor-widget elementor-widget-heading\" data-id=\"c2b4347\" data-element_type=\"widget\" data-widget_type=\"heading.default\">\n\t\t\t\t<div class=\"elementor-widget-container\">\n\t\t\t\t\t<h2 class=\"elementor-heading-title elementor-size-default\">Project Description<\/h2>\t\t\t\t<\/div>\n\t\t\t\t<\/div>\n\t\t\t\t<div class=\"elementor-element elementor-element-39af6dfa elementor-widget elementor-widget-jet-listing-dynamic-field\" data-id=\"39af6dfa\" data-element_type=\"widget\" data-widget_type=\"jet-listing-dynamic-field.default\">\n\t\t\t\t<div class=\"elementor-widget-container\">\n\t\t\t\t\t<div class=\"jet-listing jet-listing-dynamic-field display-inline\"><div class=\"jet-listing-dynamic-field__inline-wrap\"><div class=\"jet-listing-dynamic-field__content\"><p><strong>A sustainable renovation that emphasizes active mobility, fosters social cohesion, and maximizes green space through responsible water cycle strategies.<\/strong><\/p>\n<h3><strong>Introduction <\/strong><\/h3>\n<p>The Rambla has transformed into a green corridor connecting to the Park on the railway cover in Vilafranca del Pened\u00e8s and other residential areas. The new design promotes a walkable and accessible city, freeing the boulevard from private vehicle congestion and enabling unrestricted pedestrian flow along the entire street.<\/p>\n<h3><strong>Identification of issues and new challenges<\/strong><\/h3>\n<p>The Rambla Girada in Vilafranca del Pened\u00e8s was constructed in the late 1990s as the central axis of a new neighborhood. It was conceived as a classic thoroughfare primarily intended for pedestrian strolls. The circulation of private vehicles and the arrangement of parking spaces were situated close to the facades of the buildings, leaving a central area for pedestrians adorned with symmetrically arranged plane trees. Over time, these trees became imposing specimens, providing shade and character to the surroundings.<\/p>\n<p>After three decades, this symmetrical boulevard section is now entirely outdated and is being reconsidered for an update to meet the expectations of contemporary society. The deficiencies of the existing public space are evident: an excess of space allocated to private vehicles and a lack of defined uses.<\/p>\n<p>After three decades, this symmetrical boulevard section is now entirely outdated and is being reconsidered for an update to meet the expectations of contemporary society. The deficiencies of the existing public space are evident: an excess of space allocated to private vehicles and a lack of defined uses.<\/p>\n<h3><strong>From a conventional boulevard to a linear park<\/strong><\/h3>\n<p>The proposal for the Girada Boulevard aims to transform it into a green ecological corridor that promotes social cohesion, connecting to the north with the Park on the railway cover in Vilafranca del Pened\u00e8s and other nearby neighborhoods, and to the south with the typical agricultural areas of the region. The design aims to create a walkable, pacified, and accessible city, allowing unrestricted movement across the entire width of the street.<\/p>\n<p>Distinctive zones with different uses are established, encouraging users to occupy various spaces and infusing them with life and activity. Rest areas are located alongside the facades, more closely associated with ground-floor commercial spaces and dining establishments.<\/p>\n<h3><strong>Designing for sustainable water management<\/strong><\/h3>\n<p>The project proposes a Sustainable Urban Drainage System (SUDS) that filters, retains, attenuates, and infiltrates rainwater within the area. SUDS promote groundwater recharge and reduce the amount of water reaching the municipal drainage system.<\/p>\n<p>To achieve this, there has been a radical transformation of the existing impermeable street paradigm dominated by asphalt. The new Boulevard prioritizes maximizing green areas and the use of permeable pavements.<\/p>\n<p>In high-use zones, adjacent to facades, open-joint cobblestones on a natural gravel base have been used. Beyond this strip, the sitting areas are paved with permeable concrete pieces, with 1.5 cm joints filled with gravel to efficiently absorb water towards the gravel layers and the ground, minimizing runoff.<\/p>\n<p>In central areas, granular materials like sand and gresa are chosen on gravel bases. This strategic material selection, avoiding in-situ concrete and asphalt, symbolizes the pursuit of innovation and improvement in the qualities of the city of the future, following fundamental sustainability and ecological criteria.<\/p>\n<p>For effective sustainable stormwater management, two longitudinal biotopes are formed along the entire boulevard, collecting both surface runoff and water arriving through gravel bases. Dikes, constructed with recycled elements from the construction debris, slow down and better control the water speed, creating intermediate infiltration points. In low points, basins with overflow outlets are constructed. In the case of constant or torrential rains, these outlets redirect non-infiltrated water to the municipal drainage system.<\/p>\n<h3><strong>Different terraces adapted to the location<\/strong><\/h3>\n<p>In the central part, three flat terraces are created, breaking the slope of the street and allowing for paving with sand and the installation of urban furniture and children\u2019s play areas, which were previously non-existent. Taking advantage of the natural slope of the terrain, these terraces are designed to offer small flat resting spaces, conceived as welcoming and versatile environments surrounded by greenery.<\/p>\n<p>Each of the three terraces has a height difference of 90 cm and is connected through accessible ramps. Natural stone steps serve as retaining elements and are also designed to function as amphitheaters, providing adaptable spaces for citizens. The strategic terracing allows for the introduction of floral plant species, enriching the vegetation in the area and increasing the greenery coverage.<\/p>\n<h3><strong>Enhancing the green area<\/strong><\/h3>\n<p>Symmetrically between the two areas of distinct character, an extensive linear green zone is configured, incorporating the valuable existing plane trees from a botanical perspective. Accompanied by new native vegetation adapted to Vilafranca\u2019s climate, these longitudinal flower beds act as protectors of the central area, ultimately giving it a park-like character. Four strategically placed bridges connect the two lateral zones with the central stretch, traversing vegetated areas and the green ditch.<\/p>\n<p>Additionally, two new alignments of trees parallel to the facades are introduced, along with specific tree placements in the play areas, aiming to provide shade and enhance the overall quality of the space. This creates a cooler and more pleasant environment for the enjoyment of the community.<\/p>\n<h3><strong>Promoting the use of environmentally friendly materials<\/strong><\/h3>\n<p>In alignment with the project\u2019s values, the stands are constructed using solid pieces of local sandstone. These stands have grooves resulting from the quarry extraction process, preserving their authenticity, minimizing manufacturing processes, and reducing the carbon footprint of each piece. The stands within the green areas are built with pine wood and chestnut stakes, as it is anticipated that they will eventually disappear among the vegetation over time.<\/p>\n<p>The use of these permeable and draining pavements, along with the maximization of green surfaces, contributes to mitigating the urban heat island effect and controlling the thermal environment of the area. This approach not only enhances the well-being of residents and users but also fosters biodiversity through a strategic increase in trees and shrubs.<\/p>\n<\/div><\/div><\/div>\t\t\t\t<\/div>\n\t\t\t\t<\/div>\n\t\t\t\t\t<\/div>\n\t\t<\/div>\n\t\t\t\t\t<\/div>\n\t\t<\/section>\n\t\t\t\t<\/div>\n\t\t","protected":false},"excerpt":{"rendered":"<p>The Rambla has transformed into a green corridor connecting to the Park on the railway cover in Vilafranca del Pened\u00e8s and other residential areas. The new design promotes a walkable and accessible city, freeing the boulevard from private vehicle congestion and enabling unrestricted pedestrian flow along the entire street. Photo: DEL RIO BANI <\/p>\n","protected":false},"author":3,"featured_media":6744,"comment_status":"closed","ping_status":"closed","sticky":false,"template":"","format":"standard","meta":{"nf_dc_page":"","site-sidebar-layout":"default","site-content-layout":"","ast-site-content-layout":"default","site-content-style":"default","site-sidebar-style":"default","ast-global-header-display":"","ast-banner-title-visibility":"","ast-main-header-display":"","ast-hfb-above-header-display":"","ast-hfb-below-header-display":"","ast-hfb-mobile-header-display":"","site-post-title":"","ast-breadcrumbs-content":"","ast-featured-img":"","footer-sml-layout":"","theme-transparent-header-meta":"","adv-header-id-meta":"","stick-header-meta":"","header-above-stick-meta":"","header-main-stick-meta":"","header-below-stick-meta":"","astra-migrate-meta-layouts":"set","ast-page-background-enabled":"default","ast-page-background-meta":{"desktop":{"background-color":"","background-image":"","background-repeat":"repeat","background-position":"center center","background-size":"auto","background-attachment":"scroll","background-type":"","background-media":"","overlay-type":"","overlay-color":"","overlay-opacity":"","overlay-gradient":""},"tablet":{"background-color":"","background-image":"","background-repeat":"repeat","background-position":"center center","background-size":"auto","background-attachment":"scroll","background-type":"","background-media":"","overlay-type":"","overlay-color":"","overlay-opacity":"","overlay-gradient":""},"mobile":{"background-color":"","background-image":"","background-repeat":"repeat","background-position":"center center","background-size":"auto","background-attachment":"scroll","background-type":"","background-media":"","overlay-type":"","overlay-color":"","overlay-opacity":"","overlay-gradient":""}},"ast-content-background-meta":{"desktop":{"background-color":"var(--ast-global-color-5)","background-image":"","background-repeat":"repeat","background-position":"center center","background-size":"auto","background-attachment":"scroll","background-type":"","background-media":"","overlay-type":"","overlay-color":"","overlay-opacity":"","overlay-gradient":""},"tablet":{"background-color":"var(--ast-global-color-5)","background-image":"","background-repeat":"repeat","background-position":"center center","background-size":"auto","background-attachment":"scroll","background-type":"","background-media":"","overlay-type":"","overlay-color":"","overlay-opacity":"","overlay-gradient":""},"mobile":{"background-color":"var(--ast-global-color-5)","background-image":"","background-repeat":"repeat","background-position":"center center","background-size":"auto","background-attachment":"scroll","background-type":"","background-media":"","overlay-type":"","overlay-color":"","overlay-opacity":"","overlay-gradient":""}},"_FSMCFIC_featured_image_caption":"Photo: DEL RIO BANI ","_FSMCFIC_featured_image_nocaption":"","_FSMCFIC_featured_image_hide":"","_jetpack_memberships_contains_paid_content":false,"footnotes":"","jetpack_publicize_message":"","jetpack_publicize_feature_enabled":true,"jetpack_social_post_already_shared":true,"jetpack_social_options":{"image_generator_settings":{"template":"highway","enabled":false},"version":2}},"categories":[86],"tags":[106,39,176,115],"class_list":["post-6743","post","type-post","status-publish","format-standard","has-post-thumbnail","hentry","category-batlleiroig-projects","tag-laneways-streetscapes","tag-parks","tag-pedestrian-and-bicycle-infrastructure","tag-stormwater-management"],"jetpack_publicize_connections":[],"yoast_head":"<!-- This site is optimized with the Yoast SEO Premium plugin v24.2 (Yoast SEO v26.9) - https:\/\/yoast.com\/product\/yoast-seo-premium-wordpress\/ -->\n<title>Rambla Girada - Project | LA_B<\/title>\n<meta name=\"description\" content=\"Rambla Girada project in Vilafranca del Pened\u00e8s, Spain, by design firm Batlleiroig. Keywords: Accessible city, Green corridor\" \/>\n<meta name=\"robots\" content=\"index, follow, max-snippet:-1, max-image-preview:large, max-video-preview:-1\" \/>\n<meta property=\"og:locale\" content=\"en_US\" \/>\n<meta property=\"og:type\" content=\"article\" \/>\n<meta property=\"og:title\" content=\"Rambla Girada\" \/>\n<meta property=\"og:description\" content=\"Rambla Girada project in Vilafranca del Pened\u00e8s, Spain, by design firm Batlleiroig. Keywords: Accessible city, Green corridor\" \/>\n<meta property=\"og:url\" content=\"https:\/\/landscapearchitecturebuilt.com\/staging\/rambla-girada\/\" \/>\n<meta property=\"og:site_name\" content=\"Landscape Architecture Built\" \/>\n<meta property=\"article:published_time\" content=\"2025-01-28T23:29:55+00:00\" \/>\n<meta property=\"article:modified_time\" content=\"2025-02-11T04:44:41+00:00\" \/>\n<meta property=\"og:image\" content=\"https:\/\/landscapearchitecturebuilt.com\/staging\/wp-content\/uploads\/2024\/12\/FI_1099-batlleiroig-\u00a9DELRRIOBANI-2023-Rambla_Girada-11.jpg\" \/>\n\t<meta property=\"og:image:width\" content=\"1790\" \/>\n\t<meta property=\"og:image:height\" content=\"1200\" \/>\n\t<meta property=\"og:image:type\" content=\"image\/jpeg\" \/>\n<meta name=\"author\" content=\"Landscape Architecture_Built\" \/>\n<meta name=\"twitter:card\" content=\"summary_large_image\" \/>\n<meta name=\"twitter:label1\" content=\"Written by\" \/>\n\t<meta name=\"twitter:data1\" content=\"Landscape Architecture_Built\" \/>\n\t<meta name=\"twitter:label2\" content=\"Est. reading time\" \/>\n\t<meta name=\"twitter:data2\" content=\"13 minutes\" \/>\n<script type=\"application\/ld+json\" class=\"yoast-schema-graph\">{\"@context\":\"https:\/\/schema.org\",\"@graph\":[{\"@type\":\"Article\",\"@id\":\"https:\/\/landscapearchitecturebuilt.com\/staging\/rambla-girada\/#article\",\"isPartOf\":{\"@id\":\"https:\/\/landscapearchitecturebuilt.com\/staging\/rambla-girada\/\"},\"author\":{\"name\":\"Landscape Architecture_Built\",\"@id\":\"https:\/\/landscapearchitecturebuilt.com\/staging\/#\/schema\/person\/e7790411d2ad6b229e06ec1491a906d5\"},\"headline\":\"Rambla Girada\",\"datePublished\":\"2025-01-28T23:29:55+00:00\",\"dateModified\":\"2025-02-11T04:44:41+00:00\",\"mainEntityOfPage\":{\"@id\":\"https:\/\/landscapearchitecturebuilt.com\/staging\/rambla-girada\/\"},\"wordCount\":1289,\"publisher\":{\"@id\":\"https:\/\/landscapearchitecturebuilt.com\/staging\/#organization\"},\"image\":{\"@id\":\"https:\/\/landscapearchitecturebuilt.com\/staging\/rambla-girada\/#primaryimage\"},\"thumbnailUrl\":\"https:\/\/i0.wp.com\/landscapearchitecturebuilt.com\/staging\/wp-content\/uploads\/2024\/12\/FI_1099-batlleiroig-%C2%A9DELRRIOBANI-2023-Rambla_Girada-11.jpg?fit=1790%2C1200&ssl=1\",\"keywords\":[\"Laneways + Streetscapes\",\"Parks\",\"Pedestrian and bicycle infrastructure\",\"Stormwater management\"],\"articleSection\":[\"Batlleiroig\"],\"inLanguage\":\"en-US\"},{\"@type\":\"WebPage\",\"@id\":\"https:\/\/landscapearchitecturebuilt.com\/staging\/rambla-girada\/\",\"url\":\"https:\/\/landscapearchitecturebuilt.com\/staging\/rambla-girada\/\",\"name\":\"Rambla Girada - Project | LA_B\",\"isPartOf\":{\"@id\":\"https:\/\/landscapearchitecturebuilt.com\/staging\/#website\"},\"primaryImageOfPage\":{\"@id\":\"https:\/\/landscapearchitecturebuilt.com\/staging\/rambla-girada\/#primaryimage\"},\"image\":{\"@id\":\"https:\/\/landscapearchitecturebuilt.com\/staging\/rambla-girada\/#primaryimage\"},\"thumbnailUrl\":\"https:\/\/i0.wp.com\/landscapearchitecturebuilt.com\/staging\/wp-content\/uploads\/2024\/12\/FI_1099-batlleiroig-%C2%A9DELRRIOBANI-2023-Rambla_Girada-11.jpg?fit=1790%2C1200&ssl=1\",\"datePublished\":\"2025-01-28T23:29:55+00:00\",\"dateModified\":\"2025-02-11T04:44:41+00:00\",\"description\":\"Rambla Girada project in Vilafranca del Pened\u00e8s, Spain, by design firm Batlleiroig. Keywords: Accessible city, Green corridor\",\"breadcrumb\":{\"@id\":\"https:\/\/landscapearchitecturebuilt.com\/staging\/rambla-girada\/#breadcrumb\"},\"inLanguage\":\"en-US\",\"potentialAction\":[{\"@type\":\"ReadAction\",\"target\":[\"https:\/\/landscapearchitecturebuilt.com\/staging\/rambla-girada\/\"]}]},{\"@type\":\"ImageObject\",\"inLanguage\":\"en-US\",\"@id\":\"https:\/\/landscapearchitecturebuilt.com\/staging\/rambla-girada\/#primaryimage\",\"url\":\"https:\/\/i0.wp.com\/landscapearchitecturebuilt.com\/staging\/wp-content\/uploads\/2024\/12\/FI_1099-batlleiroig-%C2%A9DELRRIOBANI-2023-Rambla_Girada-11.jpg?fit=1790%2C1200&ssl=1\",\"contentUrl\":\"https:\/\/i0.wp.com\/landscapearchitecturebuilt.com\/staging\/wp-content\/uploads\/2024\/12\/FI_1099-batlleiroig-%C2%A9DELRRIOBANI-2023-Rambla_Girada-11.jpg?fit=1790%2C1200&ssl=1\",\"width\":1790,\"height\":1200,\"caption\":\"An image of landscape architecture project Rambla Girada, by design firm Batlleiroig, in Vilafranca del Pened\u00e8s, Spain. Showing a pathway that promotes active mobility and an accessible city.\"},{\"@type\":\"BreadcrumbList\",\"@id\":\"https:\/\/landscapearchitecturebuilt.com\/staging\/rambla-girada\/#breadcrumb\",\"itemListElement\":[{\"@type\":\"ListItem\",\"position\":1,\"name\":\"Home\",\"item\":\"https:\/\/landscapearchitecturebuilt.com\/staging\/\"},{\"@type\":\"ListItem\",\"position\":2,\"name\":\"Rambla Girada\"}]},{\"@type\":\"WebSite\",\"@id\":\"https:\/\/landscapearchitecturebuilt.com\/staging\/#website\",\"url\":\"https:\/\/landscapearchitecturebuilt.com\/staging\/\",\"name\":\"Landscape Architecture BUILT\",\"description\":\"Landscape Architecture _BUILT | A space for exchange and innovation\",\"publisher\":{\"@id\":\"https:\/\/landscapearchitecturebuilt.com\/staging\/#organization\"},\"potentialAction\":[{\"@type\":\"SearchAction\",\"target\":{\"@type\":\"EntryPoint\",\"urlTemplate\":\"https:\/\/landscapearchitecturebuilt.com\/staging\/?s={search_term_string}\"},\"query-input\":{\"@type\":\"PropertyValueSpecification\",\"valueRequired\":true,\"valueName\":\"search_term_string\"}}],\"inLanguage\":\"en-US\"},{\"@type\":\"Organization\",\"@id\":\"https:\/\/landscapearchitecturebuilt.com\/staging\/#organization\",\"name\":\"Landscape Architecture BUILT\",\"url\":\"https:\/\/landscapearchitecturebuilt.com\/staging\/\",\"logo\":{\"@type\":\"ImageObject\",\"inLanguage\":\"en-US\",\"@id\":\"https:\/\/landscapearchitecturebuilt.com\/staging\/#\/schema\/logo\/image\/\",\"url\":\"https:\/\/landscapearchitecturebuilt.com\/staging\/wp-content\/uploads\/2023\/01\/cropped-LA_B-flavicon_blue-3.jpg\",\"contentUrl\":\"https:\/\/landscapearchitecturebuilt.com\/staging\/wp-content\/uploads\/2023\/01\/cropped-LA_B-flavicon_blue-3.jpg\",\"width\":512,\"height\":512,\"caption\":\"Landscape Architecture BUILT\"},\"image\":{\"@id\":\"https:\/\/landscapearchitecturebuilt.com\/staging\/#\/schema\/logo\/image\/\"},\"sameAs\":[\"https:\/\/www.instagram.com\/landscape_architecture_built\/\"]},{\"@type\":\"Person\",\"@id\":\"https:\/\/landscapearchitecturebuilt.com\/staging\/#\/schema\/person\/e7790411d2ad6b229e06ec1491a906d5\",\"name\":\"Landscape Architecture_Built\",\"image\":{\"@type\":\"ImageObject\",\"inLanguage\":\"en-US\",\"@id\":\"https:\/\/landscapearchitecturebuilt.com\/staging\/#\/schema\/person\/image\/\",\"url\":\"https:\/\/secure.gravatar.com\/avatar\/17d6de96d05fccc8f0de43aa26281c22bf237a9d58dd8007728f9a3130d745f9?s=96&d=mm&r=g\",\"contentUrl\":\"https:\/\/secure.gravatar.com\/avatar\/17d6de96d05fccc8f0de43aa26281c22bf237a9d58dd8007728f9a3130d745f9?s=96&d=mm&r=g\",\"caption\":\"Landscape Architecture_Built\"},\"description\":\"Landscape Architecture _Built was founded by landscape architect Nicki Copley in 2020 with the goal of promoting innovation, knowledge sharing and quality design within the profession of Landscape Architecture and allied industries. Our vision is to build a vast catalogue of diverse projects from around the world that users can nimbly navigate to seek out case studies and inspire innovation.\",\"url\":\"https:\/\/landscapearchitecturebuilt.com\/staging\/author\/landscape-architecture_built\/\"}]}<\/script>\n<!-- \/ Yoast SEO Premium plugin. -->","yoast_head_json":{"title":"Rambla Girada - Project | LA_B","description":"Rambla Girada project in Vilafranca del Pened\u00e8s, Spain, by design firm Batlleiroig. Keywords: Accessible city, Green corridor","robots":{"index":"index","follow":"follow","max-snippet":"max-snippet:-1","max-image-preview":"max-image-preview:large","max-video-preview":"max-video-preview:-1"},"og_locale":"en_US","og_type":"article","og_title":"Rambla Girada","og_description":"Rambla Girada project in Vilafranca del Pened\u00e8s, Spain, by design firm Batlleiroig. Keywords: Accessible city, Green corridor","og_url":"https:\/\/landscapearchitecturebuilt.com\/staging\/rambla-girada\/","og_site_name":"Landscape Architecture Built","article_published_time":"2025-01-28T23:29:55+00:00","article_modified_time":"2025-02-11T04:44:41+00:00","og_image":[{"width":1790,"height":1200,"url":"https:\/\/landscapearchitecturebuilt.com\/staging\/wp-content\/uploads\/2024\/12\/FI_1099-batlleiroig-\u00a9DELRRIOBANI-2023-Rambla_Girada-11.jpg","type":"image\/jpeg"}],"author":"Landscape Architecture_Built","twitter_card":"summary_large_image","twitter_misc":{"Written by":"Landscape Architecture_Built","Est. reading time":"13 minutes"},"schema":{"@context":"https:\/\/schema.org","@graph":[{"@type":"Article","@id":"https:\/\/landscapearchitecturebuilt.com\/staging\/rambla-girada\/#article","isPartOf":{"@id":"https:\/\/landscapearchitecturebuilt.com\/staging\/rambla-girada\/"},"author":{"name":"Landscape Architecture_Built","@id":"https:\/\/landscapearchitecturebuilt.com\/staging\/#\/schema\/person\/e7790411d2ad6b229e06ec1491a906d5"},"headline":"Rambla Girada","datePublished":"2025-01-28T23:29:55+00:00","dateModified":"2025-02-11T04:44:41+00:00","mainEntityOfPage":{"@id":"https:\/\/landscapearchitecturebuilt.com\/staging\/rambla-girada\/"},"wordCount":1289,"publisher":{"@id":"https:\/\/landscapearchitecturebuilt.com\/staging\/#organization"},"image":{"@id":"https:\/\/landscapearchitecturebuilt.com\/staging\/rambla-girada\/#primaryimage"},"thumbnailUrl":"https:\/\/i0.wp.com\/landscapearchitecturebuilt.com\/staging\/wp-content\/uploads\/2024\/12\/FI_1099-batlleiroig-%C2%A9DELRRIOBANI-2023-Rambla_Girada-11.jpg?fit=1790%2C1200&ssl=1","keywords":["Laneways + Streetscapes","Parks","Pedestrian and bicycle infrastructure","Stormwater management"],"articleSection":["Batlleiroig"],"inLanguage":"en-US"},{"@type":"WebPage","@id":"https:\/\/landscapearchitecturebuilt.com\/staging\/rambla-girada\/","url":"https:\/\/landscapearchitecturebuilt.com\/staging\/rambla-girada\/","name":"Rambla Girada - Project | LA_B","isPartOf":{"@id":"https:\/\/landscapearchitecturebuilt.com\/staging\/#website"},"primaryImageOfPage":{"@id":"https:\/\/landscapearchitecturebuilt.com\/staging\/rambla-girada\/#primaryimage"},"image":{"@id":"https:\/\/landscapearchitecturebuilt.com\/staging\/rambla-girada\/#primaryimage"},"thumbnailUrl":"https:\/\/i0.wp.com\/landscapearchitecturebuilt.com\/staging\/wp-content\/uploads\/2024\/12\/FI_1099-batlleiroig-%C2%A9DELRRIOBANI-2023-Rambla_Girada-11.jpg?fit=1790%2C1200&ssl=1","datePublished":"2025-01-28T23:29:55+00:00","dateModified":"2025-02-11T04:44:41+00:00","description":"Rambla Girada project in Vilafranca del Pened\u00e8s, Spain, by design firm Batlleiroig. Keywords: Accessible city, Green corridor","breadcrumb":{"@id":"https:\/\/landscapearchitecturebuilt.com\/staging\/rambla-girada\/#breadcrumb"},"inLanguage":"en-US","potentialAction":[{"@type":"ReadAction","target":["https:\/\/landscapearchitecturebuilt.com\/staging\/rambla-girada\/"]}]},{"@type":"ImageObject","inLanguage":"en-US","@id":"https:\/\/landscapearchitecturebuilt.com\/staging\/rambla-girada\/#primaryimage","url":"https:\/\/i0.wp.com\/landscapearchitecturebuilt.com\/staging\/wp-content\/uploads\/2024\/12\/FI_1099-batlleiroig-%C2%A9DELRRIOBANI-2023-Rambla_Girada-11.jpg?fit=1790%2C1200&ssl=1","contentUrl":"https:\/\/i0.wp.com\/landscapearchitecturebuilt.com\/staging\/wp-content\/uploads\/2024\/12\/FI_1099-batlleiroig-%C2%A9DELRRIOBANI-2023-Rambla_Girada-11.jpg?fit=1790%2C1200&ssl=1","width":1790,"height":1200,"caption":"An image of landscape architecture project Rambla Girada, by design firm Batlleiroig, in Vilafranca del Pened\u00e8s, Spain. Showing a pathway that promotes active mobility and an accessible city."},{"@type":"BreadcrumbList","@id":"https:\/\/landscapearchitecturebuilt.com\/staging\/rambla-girada\/#breadcrumb","itemListElement":[{"@type":"ListItem","position":1,"name":"Home","item":"https:\/\/landscapearchitecturebuilt.com\/staging\/"},{"@type":"ListItem","position":2,"name":"Rambla Girada"}]},{"@type":"WebSite","@id":"https:\/\/landscapearchitecturebuilt.com\/staging\/#website","url":"https:\/\/landscapearchitecturebuilt.com\/staging\/","name":"Landscape Architecture BUILT","description":"Landscape Architecture _BUILT | A space for exchange and innovation","publisher":{"@id":"https:\/\/landscapearchitecturebuilt.com\/staging\/#organization"},"potentialAction":[{"@type":"SearchAction","target":{"@type":"EntryPoint","urlTemplate":"https:\/\/landscapearchitecturebuilt.com\/staging\/?s={search_term_string}"},"query-input":{"@type":"PropertyValueSpecification","valueRequired":true,"valueName":"search_term_string"}}],"inLanguage":"en-US"},{"@type":"Organization","@id":"https:\/\/landscapearchitecturebuilt.com\/staging\/#organization","name":"Landscape Architecture BUILT","url":"https:\/\/landscapearchitecturebuilt.com\/staging\/","logo":{"@type":"ImageObject","inLanguage":"en-US","@id":"https:\/\/landscapearchitecturebuilt.com\/staging\/#\/schema\/logo\/image\/","url":"https:\/\/landscapearchitecturebuilt.com\/staging\/wp-content\/uploads\/2023\/01\/cropped-LA_B-flavicon_blue-3.jpg","contentUrl":"https:\/\/landscapearchitecturebuilt.com\/staging\/wp-content\/uploads\/2023\/01\/cropped-LA_B-flavicon_blue-3.jpg","width":512,"height":512,"caption":"Landscape Architecture BUILT"},"image":{"@id":"https:\/\/landscapearchitecturebuilt.com\/staging\/#\/schema\/logo\/image\/"},"sameAs":["https:\/\/www.instagram.com\/landscape_architecture_built\/"]},{"@type":"Person","@id":"https:\/\/landscapearchitecturebuilt.com\/staging\/#\/schema\/person\/e7790411d2ad6b229e06ec1491a906d5","name":"Landscape Architecture_Built","image":{"@type":"ImageObject","inLanguage":"en-US","@id":"https:\/\/landscapearchitecturebuilt.com\/staging\/#\/schema\/person\/image\/","url":"https:\/\/secure.gravatar.com\/avatar\/17d6de96d05fccc8f0de43aa26281c22bf237a9d58dd8007728f9a3130d745f9?s=96&d=mm&r=g","contentUrl":"https:\/\/secure.gravatar.com\/avatar\/17d6de96d05fccc8f0de43aa26281c22bf237a9d58dd8007728f9a3130d745f9?s=96&d=mm&r=g","caption":"Landscape Architecture_Built"},"description":"Landscape Architecture _Built was founded by landscape architect Nicki Copley in 2020 with the goal of promoting innovation, knowledge sharing and quality design within the profession of Landscape Architecture and allied industries. Our vision is to build a vast catalogue of diverse projects from around the world that users can nimbly navigate to seek out case studies and inspire innovation.","url":"https:\/\/landscapearchitecturebuilt.com\/staging\/author\/landscape-architecture_built\/"}]}},"jetpack_featured_media_url":"https:\/\/i0.wp.com\/landscapearchitecturebuilt.com\/staging\/wp-content\/uploads\/2024\/12\/FI_1099-batlleiroig-%C2%A9DELRRIOBANI-2023-Rambla_Girada-11.jpg?fit=1790%2C1200&ssl=1","jetpack_sharing_enabled":true,"_links":{"self":[{"href":"https:\/\/landscapearchitecturebuilt.com\/staging\/wp-json\/wp\/v2\/posts\/6743","targetHints":{"allow":["GET"]}}],"collection":[{"href":"https:\/\/landscapearchitecturebuilt.com\/staging\/wp-json\/wp\/v2\/posts"}],"about":[{"href":"https:\/\/landscapearchitecturebuilt.com\/staging\/wp-json\/wp\/v2\/types\/post"}],"author":[{"embeddable":true,"href":"https:\/\/landscapearchitecturebuilt.com\/staging\/wp-json\/wp\/v2\/users\/3"}],"replies":[{"embeddable":true,"href":"https:\/\/landscapearchitecturebuilt.com\/staging\/wp-json\/wp\/v2\/comments?post=6743"}],"version-history":[{"count":4,"href":"https:\/\/landscapearchitecturebuilt.com\/staging\/wp-json\/wp\/v2\/posts\/6743\/revisions"}],"predecessor-version":[{"id":6748,"href":"https:\/\/landscapearchitecturebuilt.com\/staging\/wp-json\/wp\/v2\/posts\/6743\/revisions\/6748"}],"wp:featuredmedia":[{"embeddable":true,"href":"https:\/\/landscapearchitecturebuilt.com\/staging\/wp-json\/wp\/v2\/media\/6744"}],"wp:attachment":[{"href":"https:\/\/landscapearchitecturebuilt.com\/staging\/wp-json\/wp\/v2\/media?parent=6743"}],"wp:term":[{"taxonomy":"category","embeddable":true,"href":"https:\/\/landscapearchitecturebuilt.com\/staging\/wp-json\/wp\/v2\/categories?post=6743"},{"taxonomy":"post_tag","embeddable":true,"href":"https:\/\/landscapearchitecturebuilt.com\/staging\/wp-json\/wp\/v2\/tags?post=6743"}],"curies":[{"name":"wp","href":"https:\/\/api.w.org\/{rel}","templated":true}]}}